{"id":129627,"date":"2021-10-10T08:13:46","date_gmt":"2021-10-10T12:13:46","guid":{"rendered":"https:\/\/linitiative.ca\/International\/cameroun-nfonrifoum-mbombo-njoya-mouhamed-nabil-nouveau-roi-des-bamoun\/"},"modified":"2021-10-10T08:13:46","modified_gmt":"2021-10-10T12:13:46","slug":"cameroun-nfonrifoum-mbombo-njoya-mouhamed-nabil-nouveau-roi-des-bamoun","status":"publish","type":"post","link":"https:\/\/linitiative.ca\/International\/cameroun-nfonrifoum-mbombo-njoya-mouhamed-nabil-nouveau-roi-des-bamoun\/","title":{"rendered":"Cameroun : Nfonrifoum Mbombo Njoya Mouhamed Nabil, nouveau roi des Bamoun"},"content":{"rendered":"<div>\n<p><img loading=\"lazy\" decoding=\"async\" width=\"624\" height=\"1080\" src=\"https:\/\/linitiative.ca\/International\/wp-content\/uploads\/sites\/23\/2021\/10\/IMG-20211010-WA0024.jpg\" class=\"attachment-post-thumbnail size-post-thumbnail wp-post-image\" alt=\"\" srcset=\"https:\/\/linitiative.ca\/International\/wp-content\/uploads\/sites\/23\/2021\/10\/IMG-20211010-WA0024.jpg 624w, https:\/\/www.journalducameroun.com\/wp-content\/uploads\/2021\/10\/IMG-20211010-WA0024-173x300.jpg 173w, https:\/\/www.journalducameroun.com\/wp-content\/uploads\/2021\/10\/IMG-20211010-WA0024-592x1024.jpg 592w, https:\/\/www.journalducameroun.com\/wp-content\/uploads\/2021\/10\/IMG-20211010-WA0024-254x440.jpg 254w, https:\/\/www.journalducameroun.com\/wp-content\/uploads\/2021\/10\/IMG-20211010-WA0024-600x1038.jpg 600w\" sizes=\"auto, (max-width: 624px) 100vw, 624px\"><\/p>\n<h5 style=\"text-align: justify;\">Il h\u00e9rite du tr\u00f4ne de son p\u00e8re d\u00e9c\u00e9d\u00e9, au terme d&rsquo;un rituel traditionnel qui vient de s&rsquo;achever \u00e0 Foumban, d\u00e9partement du Noun, r\u00e9gion de l&rsquo;Ouest.<\/h5>\n<p style=\"text-align: justify;\">\n<p style=\"text-align: justify;\">\n<p style=\"text-align: justify;\">\n<p style=\"text-align: justify;\">C&rsquo;est officiel, le nouveau sultan roi des Bamoun s&rsquo;appelle <strong>Nfonrifoum Mbombo Njoya Mouhamed Nabil.\u00a0<\/strong>Il est le 20e roi de cette communaut\u00e9 de l&rsquo;Ouest Cameroun.<\/p>\n<p style=\"text-align: justify;\">Le sultan<strong> Nfonrifoum Mbombo Njoya Mouhamed Nabil, <\/strong>a \u00e9t\u00e9 d\u00e9sign\u00e9 ce 10 octobre 2020 \u00e0 l&rsquo;issue d&rsquo;un rituel traditionnel.<\/p>\n<p style=\"text-align: justify;\">Le nouveau roi des Bamoun est n\u00e9 le 09 ao\u00fbt 1993, un an apr\u00e8s l\u2019intronisation de son p\u00e8re en 1992. Dipl\u00f4m\u00e9 de l&rsquo;\u00c9cole nationale d&rsquo;administration et de magistrature (Enam) dans la section Economie et Finances.<\/p>\n<p style=\"text-align: justify;\">Le monarque de 28 ans \u00e9tait juste avant sa d\u00e9signation\u00a0 Chef de Division des Affaires Administratives et Juridiques des services du Gouverneur de la r\u00e9gion du Sud. Nomm\u00e9 \u00e0 ce poste par le pr\u00e9sident de la R\u00e9publique dans le 25 f\u00e9vrier 2020.<\/p>\n<p><img loading=\"lazy\" decoding=\"async\" class=\"alignnone size-full wp-image-396123\" src=\"https:\/\/linitiative.ca\/International\/wp-content\/uploads\/sites\/23\/2021\/10\/IMG-20211010-WA0012.jpg\" alt=\"\" width=\"460\" height=\"527\"><\/p>\n<p style=\"text-align: justify;\">Le successeur d&rsquo;Ibrahim Mbombo Njoya va d\u00e9sormais se consacrer uniquement \u00e0 sa nouvelle charge. Vive le roi !<\/p>\n<p style=\"text-align: justify;\">\n<p style=\"text-align: justify;\">\n<p style=\"text-align: justify;\">\n<p style=\"text-align: justify;\">\n<p style=\"text-align: justify;\">20\u00e8 Roi des Bamoun<\/p>\n<p>Cet article <a rel=\"nofollow\" href=\"https:\/\/www.journalducameroun.com\/cameroun-nfonrifoum-mbombo-njoya-mouhamed-nabil-nouveau-roi-des-bamoun-cameroun\/\">Cameroun : Nfonrifoum Mbombo Njoya Mouhamed Nabil, nouveau roi des Bamoun<\/a> est apparu en premier sur <a rel=\"nofollow\" href=\"https:\/\/www.journalducameroun.com\/\">Journal du Cameroun<\/a>.<\/p>\n<\/div>\n<p>Auteur: Christian DJIMADEU<br \/>\n<a href=\"https:\/\/www.journalducameroun.com\/cameroun-nfonrifoum-mbombo-njoya-mouhamed-nabil-nouveau-roi-des-bamoun-cameroun\/\">Cliquez ici pour lire l&rsquo;article depuis sa source.<\/a><\/p>\n","protected":false},"excerpt":{"rendered":"<p>Il h\u00e9rite du tr\u00f4ne de son p\u00e8re d\u00e9c\u00e9d\u00e9, au terme d&rsquo;un rituel traditionnel qui vient de s&rsquo;achever \u00e0 Foumban, d\u00e9partement du Noun, r\u00e9gion de l&rsquo;Ouest. C&rsquo;est officiel, le nouveau sultan roi des Bamoun s&rsquo;appelle Nfonrifoum Mbombo Njoya Mouhamed Nabil.\u00a0Il est le 20e roi de cette communaut\u00e9 de l&rsquo;Ouest Cameroun. Le sultan Nfonrifoum Mbombo Njoya Mouhamed [&hellip;]<\/p>\n","protected":false},"author":1965,"featured_media":0,"comment_status":"closed","ping_status":"closed","sticky":false,"template":"","format":"standard","meta":{"fifu_image_url":"https:\/\/www.journalducameroun.com\/wp-content\/uploads\/2021\/10\/IMG-20211010-WA0024.jpg","fifu_image_alt":"Cameroun : Nfonrifoum Mbombo Njoya Mouhamed Nabil, nouveau roi des Bamoun","footnotes":""},"categories":[73,82],"tags":[],"class_list":["post-129627","post","type-post","status-publish","format-standard","hentry","category-actualite","category-cameroun"],"_links":{"self":[{"href":"https:\/\/linitiative.ca\/International\/wp-json\/wp\/v2\/posts\/129627","targetHints":{"allow":["GET"]}}],"collection":[{"href":"https:\/\/linitiative.ca\/International\/wp-json\/wp\/v2\/posts"}],"about":[{"href":"https:\/\/linitiative.ca\/International\/wp-json\/wp\/v2\/types\/post"}],"author":[{"embeddable":true,"href":"https:\/\/linitiative.ca\/International\/wp-json\/wp\/v2\/users\/1965"}],"replies":[{"embeddable":true,"href":"https:\/\/linitiative.ca\/International\/wp-json\/wp\/v2\/comments?post=129627"}],"version-history":[{"count":0,"href":"https:\/\/linitiative.ca\/International\/wp-json\/wp\/v2\/posts\/129627\/revisions"}],"wp:attachment":[{"href":"https:\/\/linitiative.ca\/International\/wp-json\/wp\/v2\/media?parent=129627"}],"wp:term":[{"taxonomy":"category","embeddable":true,"href":"https:\/\/linitiative.ca\/International\/wp-json\/wp\/v2\/categories?post=129627"},{"taxonomy":"post_tag","embeddable":true,"href":"https:\/\/linitiative.ca\/International\/wp-json\/wp\/v2\/tags?post=129627"}],"curies":[{"name":"wp","href":"https:\/\/api.w.org\/{rel}","templated":true}]}}