{"id":129631,"date":"2021-10-10T10:00:55","date_gmt":"2021-10-10T14:00:55","guid":{"rendered":"https:\/\/linitiative.ca\/International\/les-meuniers-plaident-pour-une-exoneration-de-la-tva-sur-les-pates-alimentaires\/"},"modified":"2021-10-10T10:00:55","modified_gmt":"2021-10-10T14:00:55","slug":"les-meuniers-plaident-pour-une-exoneration-de-la-tva-sur-les-pates-alimentaires","status":"publish","type":"post","link":"https:\/\/linitiative.ca\/International\/les-meuniers-plaident-pour-une-exoneration-de-la-tva-sur-les-pates-alimentaires\/","title":{"rendered":"Les meuniers plaident pour une exon\u00e9ration de la TVA sur les p\u00e2tes alimentaires"},"content":{"rendered":"<div>\n<p>L\u2019heure est aux tendances inflationnistes sur le march\u00e9 camerounais des denr\u00e9es alimentaires et des mat\u00e9riaux de construction, en raison des contraintes impos\u00e9es par le march\u00e9 international, du fait des effets in\u00e9vitables de la pand\u00e9mie de Coronavirus. Asphyxi\u00e9s par ces contraintes et notamment un rench\u00e9rissement du fret sur les produits d\u2019importation, les acteurs de diverses fili\u00e8res sollicitent l\u2019assouplissement du Gouvernement \u00e0 l\u2019effet de r\u00e9percuter les surco\u00fbts sur les produits \u00e0 la consommation pour pouvoir att\u00e9nuer les manque \u00e0 gagner. Ils multiplient des stratag\u00e8mes pour proc\u00e9der \u00e0 une augmentation des prix, mais font r\u00e9guli\u00e8rement face \u00e0 une intransigeance des pouvoirs publics.<\/p>\n<p><strong>Lire aussi<\/strong> : <strong><a href=\"https:\/\/ecomatin.net\/patisserie-les-menaces-qui-pesent-sur-le-prix-de-la-baguette\/\">P\u00e2tisserie : les menaces qui p\u00e8sent sur le prix de la baguette<\/a><\/strong><\/p>\n<p>Au cours d\u2019une r\u00e9cente visite du ministre du Commerce le 1<sup>er<\/sup>\u00a0octobre dernier au Groupement Inter-patronal du Cameroun (Gicam), il en a encore \u00e9t\u00e9 question. Le Groupement des industries meuni\u00e8res du Cameroun l\u2019a clairement fait savoir \u00e0 Luc Magloire Mbarga Atangana. \u00ab\u00a0Il y a les nouvelles charges portuaires auxquelles nous devons faire face. Donc le co\u00fbt de revient de notre produit fini est devenu tr\u00e8s \u00e9lev\u00e9 et c\u2019est difficile, en tant qu\u2019une soci\u00e9t\u00e9 du secteur citoyen, de pouvoir r\u00e9percuter tout cela sur le prix de vente. Donc nous cherchons les voies et moyens avec les pouvoirs publics pour que chacun supporte une partie : l\u2019entreprise naturellement, les pouvoirs publics, mais aussi le consommateur\u00a0\u00bb, confiait le Secr\u00e9taire g\u00e9n\u00e9ral de cette organisation, Alfred Momo Ebongo, au quotidien Le Jour de mercredi dernier.<\/p>\n<p><strong>Exon\u00e9rations fiscales<\/strong><\/p>\n<p>En outre, les industries meuni\u00e8res sollicitent, parmi les mesures d\u2019accompagnement du gouvernement pour aider \u00e0 la relance des activit\u00e9s de leur secteur, une exon\u00e9ration de la Taxe sur la valeur ajout\u00e9e (TVA), sur certains produits de grande consommation \u00e0 l\u2019instar des p\u00e2tes alimentaires, et de la semoule. Il s\u2019agit pour Alfred Momo Ebongo, des produits dont la mati\u00e8re premi\u00e8re qui est le bl\u00e9 entre au Cameroun en franchise de douane, c\u2019est-\u00e0-dire sans imposition douani\u00e8re, mais qui sont tax\u00e9s apr\u00e8s transformation sur place. \u00ab\u00a0Il y a \u00e9galement des mesures qui peuvent \u00eatre prises sur le plan fiscal, notamment certaines exon\u00e9rations de taxes, notamment de la TVA sur les produits que nous mettons sur le march\u00e9. Par exemple sur les fili\u00e8res semoule et p\u00e2te alimentaires qui sont impos\u00e9es \u00e0 la TVA alors qu\u2019elles utilisent un produit qui est le bl\u00e9 et qui lui-m\u00eame est exon\u00e9r\u00e9. Nous souhaitons que l\u2019exon\u00e9ration de TVA sur ces deux produits finis issus du bl\u00e9 nous soient accord\u00e9e\u00a0\u00bb, plaide le porte-parole du Groupement des industries meuni\u00e8res du Cameroun.<\/p>\n<p><strong>Lire aussi<\/strong> : <strong><a href=\"https:\/\/ecomatin.net\/consommation-incertitudes-sur-la-livraison-de-pain-a-bertoua\/\">Consommation : incertitudes sur la livraison de pain \u00e0 Bertoua<\/a><\/strong><\/p>\n<p>L\u2019article <a rel=\"nofollow\" href=\"https:\/\/ecomatin.net\/les-meuniers-plaident-pour-une-exoneration-de-la-tva-sur-les-pates-alimentaires\/\">Les meuniers plaident pour une exon\u00e9ration de la TVA sur les p\u00e2tes alimentaires<\/a> est apparu en premier sur <a rel=\"nofollow\" href=\"https:\/\/ecomatin.net\/\">EcoMatin<\/a>.<\/p>\n<\/div>\n<p>Auteur: Yannick KENNE<br \/>\n<a href=\"https:\/\/ecomatin.net\/les-meuniers-plaident-pour-une-exoneration-de-la-tva-sur-les-pates-alimentaires\/\">Cliquez ici pour lire l&rsquo;article depuis sa source.<\/a><\/p>\n","protected":false},"excerpt":{"rendered":"<p>L\u2019heure est aux tendances inflationnistes sur le march\u00e9 camerounais des denr\u00e9es alimentaires et des mat\u00e9riaux de construction, en raison des contraintes impos\u00e9es par le march\u00e9 international, du fait des effets in\u00e9vitables de la pand\u00e9mie de Coronavirus. Asphyxi\u00e9s par ces contraintes et notamment un rench\u00e9rissement du fret sur les produits d\u2019importation, les acteurs de diverses fili\u00e8res [&hellip;]<\/p>\n","protected":false},"author":1969,"featured_media":0,"comment_status":"closed","ping_status":"closed","sticky":false,"template":"","format":"standard","meta":{"fifu_image_url":"","fifu_image_alt":"","footnotes":""},"categories":[82,78],"tags":[],"class_list":["post-129631","post","type-post","status-publish","format-standard","hentry","category-cameroun","category-economie"],"_links":{"self":[{"href":"https:\/\/linitiative.ca\/International\/wp-json\/wp\/v2\/posts\/129631","targetHints":{"allow":["GET"]}}],"collection":[{"href":"https:\/\/linitiative.ca\/International\/wp-json\/wp\/v2\/posts"}],"about":[{"href":"https:\/\/linitiative.ca\/International\/wp-json\/wp\/v2\/types\/post"}],"author":[{"embeddable":true,"href":"https:\/\/linitiative.ca\/International\/wp-json\/wp\/v2\/users\/1969"}],"replies":[{"embeddable":true,"href":"https:\/\/linitiative.ca\/International\/wp-json\/wp\/v2\/comments?post=129631"}],"version-history":[{"count":0,"href":"https:\/\/linitiative.ca\/International\/wp-json\/wp\/v2\/posts\/129631\/revisions"}],"wp:attachment":[{"href":"https:\/\/linitiative.ca\/International\/wp-json\/wp\/v2\/media?parent=129631"}],"wp:term":[{"taxonomy":"category","embeddable":true,"href":"https:\/\/linitiative.ca\/International\/wp-json\/wp\/v2\/categories?post=129631"},{"taxonomy":"post_tag","embeddable":true,"href":"https:\/\/linitiative.ca\/International\/wp-json\/wp\/v2\/tags?post=129631"}],"curies":[{"name":"wp","href":"https:\/\/api.w.org\/{rel}","templated":true}]}}