{"id":129634,"date":"2021-10-11T10:02:59","date_gmt":"2021-10-11T14:02:59","guid":{"rendered":"https:\/\/linitiative.ca\/International\/souss-massa-larep-presente-son-plan-daction\/"},"modified":"2021-10-11T10:02:59","modified_gmt":"2021-10-11T14:02:59","slug":"souss-massa-larep-presente-son-plan-daction","status":"publish","type":"post","link":"https:\/\/linitiative.ca\/International\/souss-massa-larep-presente-son-plan-daction\/","title":{"rendered":"Souss-Massa : L\u2019AREP pr\u00e9sente son plan d\u2019action"},"content":{"rendered":"<div>\n<p><img decoding=\"async\" width=\"300\" height=\"153\" src=\"https:\/\/aujourdhui.ma\/wp-content\/uploads\/2021\/10\/AREP-300x153.jpg\" class=\"attachment-medium size-medium wp-post-image\" alt=\"\" loading=\"lazy\" srcset=\"https:\/\/aujourdhui.ma\/wp-content\/uploads\/2021\/10\/AREP-300x153.jpg 300w, https:\/\/aujourdhui.ma\/wp-content\/uploads\/2021\/10\/AREP-274x140.jpg 274w, https:\/\/aujourdhui.ma\/wp-content\/uploads\/2021\/10\/AREP.jpg 746w, https:\/\/aujourdhui.ma\/wp-content\/uploads\/2021\/10\/AREP-165x84.jpg 165w, https:\/\/aujourdhui.ma\/wp-content\/uploads\/2021\/10\/AREP-702x358.jpg 702w\" sizes=\"auto, (max-width: 300px) 100vw, 300px\"><\/p>\n<p><span style=\"color: #800000;\"><strong>L\u2019Agence r\u00e9gionale d\u2019ex\u00e9cution des projets (AREP) de Souss- Massa a expos\u00e9 jeudi son plan d\u2019action au titre de l\u2019ann\u00e9e 2021.<\/strong><\/span><\/p>\n<p><span id=\"more-388741\"><\/span><\/p>\n<p>Lors d\u2019une r\u00e9union du Conseil de la r\u00e9gion, l\u2019AREP cr\u00e9\u00e9e en 2017 a pass\u00e9 en revue son champ d\u2019action et son bilan de r\u00e9alisations portant sur les infrastructures routi\u00e8res, les \u00e9quipements publics, l\u2019eau potable, l\u2019assainissement, le tourisme rural, la r\u00e9habilitation des centres dans le cadre de la politique de la ville, les \u00e9tudes et l\u2019assistance technique. A cette occasion, il \u00e9t\u00e9 proc\u00e9d\u00e9 \u00e0 la pr\u00e9sentation des indicateurs financiers et comptables, ainsi que l\u2019\u00e9tat des ressources humaines, la gouvernance et le contr\u00f4le li\u00e9s \u00e0 l\u2019AREP.<\/p>\n<p>Par ailleurs, les participants \u00e0 cette r\u00e9union pr\u00e9sid\u00e9e par le pr\u00e9sident du Conseil de la r\u00e9gion, Karim Achengli, ont discut\u00e9 de l\u2019ordre du jour de la session extraordinaire pr\u00e9vue le 18 octobre prochain.<\/p>\n<\/div>\n<p>Auteur: ALM<br \/>\n<a href=\"https:\/\/aujourdhui.ma\/actualite\/souss-massa-larep-presente-son-plan-daction\">Cliquez ici pour lire l&rsquo;article depuis sa source.<\/a><\/p>\n","protected":false},"excerpt":{"rendered":"<p>L\u2019Agence r\u00e9gionale d\u2019ex\u00e9cution des projets (AREP) de Souss- Massa a expos\u00e9 jeudi son plan d\u2019action au titre de l\u2019ann\u00e9e 2021. Lors d\u2019une r\u00e9union du Conseil de la r\u00e9gion, l\u2019AREP cr\u00e9\u00e9e en 2017 a pass\u00e9 en revue son champ d\u2019action et son bilan de r\u00e9alisations portant sur les infrastructures routi\u00e8res, les \u00e9quipements publics, l\u2019eau potable, l\u2019assainissement, [&hellip;]<\/p>\n","protected":false},"author":1759,"featured_media":0,"comment_status":"closed","ping_status":"closed","sticky":false,"template":"","format":"standard","meta":{"fifu_image_url":"https:\/\/aujourdhui.ma\/wp-content\/uploads\/2021\/10\/AREP-300x153.jpg","fifu_image_alt":"Souss-Massa : L\u2019AREP pr\u00e9sente son plan d\u2019action","footnotes":""},"categories":[73,54],"tags":[],"class_list":["post-129634","post","type-post","status-publish","format-standard","hentry","category-actualite","category-maroc"],"_links":{"self":[{"href":"https:\/\/linitiative.ca\/International\/wp-json\/wp\/v2\/posts\/129634","targetHints":{"allow":["GET"]}}],"collection":[{"href":"https:\/\/linitiative.ca\/International\/wp-json\/wp\/v2\/posts"}],"about":[{"href":"https:\/\/linitiative.ca\/International\/wp-json\/wp\/v2\/types\/post"}],"author":[{"embeddable":true,"href":"https:\/\/linitiative.ca\/International\/wp-json\/wp\/v2\/users\/1759"}],"replies":[{"embeddable":true,"href":"https:\/\/linitiative.ca\/International\/wp-json\/wp\/v2\/comments?post=129634"}],"version-history":[{"count":0,"href":"https:\/\/linitiative.ca\/International\/wp-json\/wp\/v2\/posts\/129634\/revisions"}],"wp:attachment":[{"href":"https:\/\/linitiative.ca\/International\/wp-json\/wp\/v2\/media?parent=129634"}],"wp:term":[{"taxonomy":"category","embeddable":true,"href":"https:\/\/linitiative.ca\/International\/wp-json\/wp\/v2\/categories?post=129634"},{"taxonomy":"post_tag","embeddable":true,"href":"https:\/\/linitiative.ca\/International\/wp-json\/wp\/v2\/tags?post=129634"}],"curies":[{"name":"wp","href":"https:\/\/api.w.org\/{rel}","templated":true}]}}