{"id":129635,"date":"2021-10-11T10:21:13","date_gmt":"2021-10-11T14:21:13","guid":{"rendered":"https:\/\/linitiative.ca\/International\/aziz-akhannouch-le-gouvernement-determine-a-etre-a-la-hauteur-de-lambition-de-sm-le-roi\/"},"modified":"2021-10-11T10:21:13","modified_gmt":"2021-10-11T14:21:13","slug":"aziz-akhannouch-le-gouvernement-determine-a-etre-a-la-hauteur-de-lambition-de-sm-le-roi","status":"publish","type":"post","link":"https:\/\/linitiative.ca\/International\/aziz-akhannouch-le-gouvernement-determine-a-etre-a-la-hauteur-de-lambition-de-sm-le-roi\/","title":{"rendered":"Aziz Akhannouch: Le gouvernement \u00ab\u00a0d\u00e9termin\u00e9 \u00e0 \u00eatre \u00e0 la hauteur de l\u2019ambition de SM le Roi\u00a0\u00bb"},"content":{"rendered":"<div>\n<p><img decoding=\"async\" width=\"300\" height=\"153\" src=\"https:\/\/linitiative.ca\/International\/wp-content\/uploads\/sites\/23\/2021\/10\/Aziz-Akhannouch-300x153-2.jpg\" class=\"attachment-medium size-medium wp-post-image\" alt=\"\" loading=\"lazy\" srcset=\"https:\/\/linitiative.ca\/International\/wp-content\/uploads\/sites\/23\/2021\/10\/Aziz-Akhannouch-300x153-2.jpg 300w, https:\/\/aujourdhui.ma\/wp-content\/uploads\/2021\/10\/Aziz-Akhannouch-274x140.jpg 274w, https:\/\/aujourdhui.ma\/wp-content\/uploads\/2021\/10\/Aziz-Akhannouch.jpg 746w, https:\/\/aujourdhui.ma\/wp-content\/uploads\/2021\/10\/Aziz-Akhannouch-165x84.jpg 165w, https:\/\/aujourdhui.ma\/wp-content\/uploads\/2021\/10\/Aziz-Akhannouch-702x358.jpg 702w\" sizes=\"auto, (max-width: 300px) 100vw, 300px\"><\/p>\n<p><span style=\"color: #800000;\"><strong>Le Chef du gouvernement, M. Aziz Akhannouch, a soulign\u00e9, lundi, la d\u00e9termination de son cabinet \u00e0 \u00eatre \u00e0 la hauteur de l\u2019ambition de Sa Majest\u00e9 le Roi Mohammed VI, qui cherche constamment \u00e0 r\u00e9unir les conditions d\u2019une vie digne aux citoyens et \u00e0 faire du Maroc un pays pionnier sur les plans r\u00e9gional et international.<\/strong><\/span><\/p>\n<p><span id=\"more-388740\"><\/span><br \/>\nUn communiqu\u00e9 du D\u00e9partement du Chef de gouvernement, publi\u00e9 \u00e0 l\u2019issue de la premi\u00e8re r\u00e9union du Conseil de gouvernement tenue \u00e0 distance, indique que M. Akhannouch a exprim\u00e9 sa fiert\u00e9 et celle de l\u2019ensemble des membres de l\u2019Ex\u00e9cutif de la Haute confiance Royale et des Hautes Orientations contenues dans le discours Royal adress\u00e9 aux deux Chambres du Parlement.<br \/>\n\u00ab\u00a0Le discours Royal \u00e0 l\u2019ouverture de la session l\u00e9gislative nous met tous, de mani\u00e8re claire, devant les d\u00e9fis externes et internes auxquels notre patrie est confront\u00e9e\u00a0\u00bb, a affirm\u00e9 M. Akhannouch, lors de cette r\u00e9union consacr\u00e9e \u00e0 la pr\u00e9sentation des grandes lignes du programme gouvernemental.<br \/>\nLe Chef du gouvernement a pr\u00e9cis\u00e9 que le nouveau processus dans lequel le gouvernement est engag\u00e9, apr\u00e8s la Haute confiance Royale et la confiance des Marocains, exige de traiter les attentes et les aspirations plac\u00e9es sur ce gouvernement de mani\u00e8re s\u00e9rieuse, tout en \u00e9tant conscient du caract\u00e8re d\u00e9cisif de l\u2019\u00e9tape actuelle et \u00e0 venir.<br \/>\nIl a relev\u00e9 que le contexte exceptionnel auquel le Maroc est confront\u00e9 requiert un engagement affirm\u00e9 et une grande mobilisation aux plans interne et externe. Au niveau ext\u00e9rieur, il s\u2019agit de renforcer les acquis et de soutenir la premi\u00e8re cause nationale du pays, et de consolider l\u2019aura et la place dont jouit le Royaume \u00e0 l\u2019\u00e9chelle continentale et internationale, gr\u00e2ce \u00e0 la vision perspicace de Sa Majest\u00e9 le Roi.<br \/>\nAu plan int\u00e9rieur, a-t-il poursuivi, il s\u2019agit de sortir de la crise impos\u00e9e par les r\u00e9percussions de la pand\u00e9mie du Covid-19, avec ce qu\u2019elle implique en termes de r\u00e9formes n\u00e9cessaires des secteurs importants et vitaux, et de d\u00e9passer les probl\u00e9matiques et les dysfonctionnements devenus inadmissibles dans le Maroc d\u2019aujourd\u2019hui.<\/p>\n<\/div>\n<p>Auteur: ALM<br \/>\n<a href=\"https:\/\/aujourdhui.ma\/actualite\/aziz-akhannouch-le-gouvernement-determine-a-etre-a-la-hauteur-de-lambition-de-sm-le-roi\">Cliquez ici pour lire l&rsquo;article depuis sa source.<\/a><\/p>\n","protected":false},"excerpt":{"rendered":"<p>Le Chef du gouvernement, M. Aziz Akhannouch, a soulign\u00e9, lundi, la d\u00e9termination de son cabinet \u00e0 \u00eatre \u00e0 la hauteur de l\u2019ambition de Sa Majest\u00e9 le Roi Mohammed VI, qui cherche constamment \u00e0 r\u00e9unir les conditions d\u2019une vie digne aux citoyens et \u00e0 faire du Maroc un pays pionnier sur les plans r\u00e9gional et international. [&hellip;]<\/p>\n","protected":false},"author":1759,"featured_media":0,"comment_status":"closed","ping_status":"closed","sticky":false,"template":"","format":"standard","meta":{"fifu_image_url":"https:\/\/aujourdhui.ma\/wp-content\/uploads\/2021\/10\/Aziz-Akhannouch-300x153.jpg","fifu_image_alt":"Aziz Akhannouch: Le gouvernement \u00ab\u00a0d\u00e9termin\u00e9 \u00e0 \u00eatre \u00e0 la hauteur de l\u2019ambition de SM le Roi\u00a0\u00bb","footnotes":""},"categories":[73,54],"tags":[],"class_list":["post-129635","post","type-post","status-publish","format-standard","hentry","category-actualite","category-maroc"],"_links":{"self":[{"href":"https:\/\/linitiative.ca\/International\/wp-json\/wp\/v2\/posts\/129635","targetHints":{"allow":["GET"]}}],"collection":[{"href":"https:\/\/linitiative.ca\/International\/wp-json\/wp\/v2\/posts"}],"about":[{"href":"https:\/\/linitiative.ca\/International\/wp-json\/wp\/v2\/types\/post"}],"author":[{"embeddable":true,"href":"https:\/\/linitiative.ca\/International\/wp-json\/wp\/v2\/users\/1759"}],"replies":[{"embeddable":true,"href":"https:\/\/linitiative.ca\/International\/wp-json\/wp\/v2\/comments?post=129635"}],"version-history":[{"count":0,"href":"https:\/\/linitiative.ca\/International\/wp-json\/wp\/v2\/posts\/129635\/revisions"}],"wp:attachment":[{"href":"https:\/\/linitiative.ca\/International\/wp-json\/wp\/v2\/media?parent=129635"}],"wp:term":[{"taxonomy":"category","embeddable":true,"href":"https:\/\/linitiative.ca\/International\/wp-json\/wp\/v2\/categories?post=129635"},{"taxonomy":"post_tag","embeddable":true,"href":"https:\/\/linitiative.ca\/International\/wp-json\/wp\/v2\/tags?post=129635"}],"curies":[{"name":"wp","href":"https:\/\/api.w.org\/{rel}","templated":true}]}}