{"id":129643,"date":"2021-10-10T17:44:21","date_gmt":"2021-10-10T21:44:21","guid":{"rendered":"https:\/\/linitiative.ca\/International\/appel-a-ladaptation-de-la-fiscalite-locale-a-la-regionalisation\/"},"modified":"2021-10-10T17:44:21","modified_gmt":"2021-10-10T21:44:21","slug":"appel-a-ladaptation-de-la-fiscalite-locale-a-la-regionalisation","status":"publish","type":"post","link":"https:\/\/linitiative.ca\/International\/appel-a-ladaptation-de-la-fiscalite-locale-a-la-regionalisation\/","title":{"rendered":"Appel \u00e0 l\u2019adaptation de la fiscalit\u00e9 locale \u00e0 la r\u00e9gionalisation"},"content":{"rendered":"<div>\n<div style=\"margin-bottom:20px;\"><img loading=\"lazy\" decoding=\"async\" width=\"750\" height=\"430\" src=\"https:\/\/linitiative.ca\/International\/wp-content\/uploads\/sites\/23\/2021\/10\/universitC3A9-copier.jpg\" class=\"attachment-post-thumbnail size-post-thumbnail wp-post-image\" alt=\"\" srcset=\"https:\/\/linitiative.ca\/International\/wp-content\/uploads\/sites\/23\/2021\/10\/universitC3A9-copier.jpg 750w, http:\/\/www.mapmarrakech.ma\/map\/uploads\/2021\/10\/universit\u00e9-copier-300x172.jpg 300w\" sizes=\"auto, (max-width: 750px) 100vw, 750px\"><\/div>\n<p>Dans leurs recommandations ayant sanctionn\u00e9 cette rencontre de deux jours, initi\u00e9e par l\u2019ONCP et les chercheurs du Forum de la recherche du minist\u00e8re de l\u2019\u00c9conomie et des Finances, sous le th\u00e8me \u00ab\u00a0La justice fiscale, un levier essentiel du nouveau mod\u00e8le de d\u00e9veloppement\u00a0\u00bb, les participants ont insist\u00e9 sur la n\u00e9cessit\u00e9 de cr\u00e9er un climat de confiance entre l\u2019administration et les contribuables, de promouvoir les secteurs productifs et d\u2019investissement et de lutter contre l\u2019informel.<\/p>\n<p>Ils ont \u00e9galement pr\u00e9conis\u00e9 l\u2019am\u00e9lioration des m\u00e9canismes de contr\u00f4le et de gestion des contentieux d\u2019ordre fiscal, de durcir les sanctions en cas d\u2019infraction et de lutter contre la fraude et l\u2019\u00e9vasion fiscale, tout en soulignant l\u2019importance de la mise en \u0153uvre de l\u2019administration fiscale \u00e9lectronique et de l\u2019int\u00e9gration des nouvelles technologies.<\/p>\n<p>Ils ont aussi appel\u00e9 \u00e0 l\u2019introduction d\u2019amendements au code de recouvrement des dettes publiques, \u00e0 une r\u00e9vision des textes l\u00e9gislatifs et juridiques r\u00e9gissant la proc\u00e9dure de notification, \u00e0 l\u2019adoption de la notification \u00e9lectronique et du syst\u00e8me d\u2019identification fiscale dans toutes les transactions administratives et commerciales, mettant en \u00e9vidence l\u2019importance de cr\u00e9er une direction centrale et d\u2019autres r\u00e9gionales de recouvrement sous la tutelle du minist\u00e8re de l\u2019Economie et des Finances, ainsi que de l\u2019Ecole Nationale Mohammedia de Formation des Comptables Publics.<\/p>\n<p>Cette rencontre a \u00e9t\u00e9 ponctu\u00e9e d\u2019une s\u00e9rie d\u2019expos\u00e9s ax\u00e9s principalement sur le rapport g\u00e9n\u00e9ral de la Commission Sp\u00e9ciale sur le Mod\u00e8le du D\u00e9veloppement (CSMD).<\/p>\n<p>Dans ce sillage, Brahim Dayeh, membre de la Commission r\u00e9gionale \u00e9largie d\u2019investissement de Guelmim-Oued Noun, a relev\u00e9 que les conclusions et recommandations de la CSMD permettront de renforcer l\u2019unit\u00e9 nationale et le parach\u00e8vement du processus de d\u00e9veloppement des provinces du sud du Royaume et ce, parall\u00e8lement aux efforts diplomatiques couronn\u00e9s de succ\u00e8s, en particulier les reconnaissances internationales de la souverainet\u00e9 du Maroc sur son Sahara et l\u2019ouverture de plusieurs Consulats dans les r\u00e9gions de La\u00e2youne-Sakia El Hamra et de Dakhla-Oued Eddahab.<\/p>\n<p>M. Dayeh a, en outre, mis en avant la particularit\u00e9 de ces r\u00e9gions qui jouissent de la Haute Sollicitude de Sa Majest\u00e9 le Roi Mohammed VI, ce qui est susceptible de favoriser la r\u00e9ussite du projet de la r\u00e9gionalisation avanc\u00e9e, dont les provinces du sud sont en avant-garde dans sa mise en \u0153uvre.<\/p>\n<p>Pour sa part, le chef du bureau r\u00e9gional des comptables publics de Beni Mellal-Kh\u00e9nifra, Mustapha El Ghiwane, a abord\u00e9 la question de la num\u00e9risation dans l\u2019administration fiscale. Un projet dont la Direction G\u00e9n\u00e9rale des Imp\u00f4ts est pr\u00e9curseur, ce qui en a fait une administration moderne et d\u00e9velopp\u00e9e, a-t-il not\u00e9.<\/p>\n<p>\u00ab\u00a0Lecture dans les recommandations des assises nationales sur la fiscalit\u00e9\u00a0\u00bb, \u00ab\u00a0Lecture dans les recommandations du rapport g\u00e9n\u00e9ral de la CSMD\u00a0\u00bb, \u00ab\u00a0L\u2019institution du comptable et le pari du d\u00e9veloppement\u00a0\u00bb et \u00ab\u00a0Le comptable public entre devoir et responsabilit\u00e9\u00a0\u00bb, sont autant de th\u00e8mes qui ont \u00e9t\u00e9 abord\u00e9s par les participants \u00e0 cette rencontre.<\/p>\n<p>The post <a rel=\"nofollow\" href=\"http:\/\/www.mapmarrakech.ma\/fr\/appel-a-ladaptation-de-la-fiscalite-locale-a-la-regionalisation\/\">Appel \u00e0 l\u2019adaptation de la fiscalit\u00e9 locale \u00e0 la r\u00e9gionalisation<\/a> appeared first on <a rel=\"nofollow\" href=\"http:\/\/www.mapmarrakech.ma\/fr\">MapMarrakech<\/a>.<\/p>\n<\/div>\n<p>Auteur: Meriem IGASS<br \/>\n<a href=\"http:\/\/www.mapmarrakech.ma\/fr\/appel-a-ladaptation-de-la-fiscalite-locale-a-la-regionalisation\/\">Cliquez ici pour lire l&rsquo;article depuis sa source.<\/a><\/p>\n","protected":false},"excerpt":{"rendered":"<p>Dans leurs recommandations ayant sanctionn\u00e9 cette rencontre de deux jours, initi\u00e9e par l\u2019ONCP et les chercheurs du Forum de la recherche du minist\u00e8re de l\u2019\u00c9conomie et des Finances, sous le th\u00e8me \u00ab\u00a0La justice fiscale, un levier essentiel du nouveau mod\u00e8le de d\u00e9veloppement\u00a0\u00bb, les participants ont insist\u00e9 sur la n\u00e9cessit\u00e9 de cr\u00e9er un climat de confiance [&hellip;]<\/p>\n","protected":false},"author":1788,"featured_media":0,"comment_status":"closed","ping_status":"closed","sticky":false,"template":"","format":"standard","meta":{"fifu_image_url":"http:\/\/www.mapmarrakech.ma\/map\/uploads\/2021\/10\/universit\u00e9-copier.jpg","fifu_image_alt":"Appel \u00e0 l\u2019adaptation de la fiscalit\u00e9 locale \u00e0 la r\u00e9gionalisation","footnotes":""},"categories":[54,76],"tags":[],"class_list":["post-129643","post","type-post","status-publish","format-standard","hentry","category-maroc","category-regions"],"_links":{"self":[{"href":"https:\/\/linitiative.ca\/International\/wp-json\/wp\/v2\/posts\/129643","targetHints":{"allow":["GET"]}}],"collection":[{"href":"https:\/\/linitiative.ca\/International\/wp-json\/wp\/v2\/posts"}],"about":[{"href":"https:\/\/linitiative.ca\/International\/wp-json\/wp\/v2\/types\/post"}],"author":[{"embeddable":true,"href":"https:\/\/linitiative.ca\/International\/wp-json\/wp\/v2\/users\/1788"}],"replies":[{"embeddable":true,"href":"https:\/\/linitiative.ca\/International\/wp-json\/wp\/v2\/comments?post=129643"}],"version-history":[{"count":0,"href":"https:\/\/linitiative.ca\/International\/wp-json\/wp\/v2\/posts\/129643\/revisions"}],"wp:attachment":[{"href":"https:\/\/linitiative.ca\/International\/wp-json\/wp\/v2\/media?parent=129643"}],"wp:term":[{"taxonomy":"category","embeddable":true,"href":"https:\/\/linitiative.ca\/International\/wp-json\/wp\/v2\/categories?post=129643"},{"taxonomy":"post_tag","embeddable":true,"href":"https:\/\/linitiative.ca\/International\/wp-json\/wp\/v2\/tags?post=129643"}],"curies":[{"name":"wp","href":"https:\/\/api.w.org\/{rel}","templated":true}]}}