{"id":129645,"date":"2021-10-10T17:57:15","date_gmt":"2021-10-10T21:57:15","guid":{"rendered":"https:\/\/linitiative.ca\/International\/caravane-medicale-au-profit-de-plus-de-100-personnes-agees\/"},"modified":"2021-10-10T17:57:15","modified_gmt":"2021-10-10T21:57:15","slug":"caravane-medicale-au-profit-de-plus-de-100-personnes-agees","status":"publish","type":"post","link":"https:\/\/linitiative.ca\/International\/caravane-medicale-au-profit-de-plus-de-100-personnes-agees\/","title":{"rendered":"Caravane m\u00e9dicale au profit de plus de 100 personnes \u00e2g\u00e9es"},"content":{"rendered":"<div>\n<div style=\"margin-bottom:20px;\"><img loading=\"lazy\" decoding=\"async\" width=\"750\" height=\"430\" src=\"https:\/\/linitiative.ca\/International\/wp-content\/uploads\/sites\/23\/2021\/10\/caravanemC3A9dicale-copier.jpg\" class=\"attachment-post-thumbnail size-post-thumbnail wp-post-image\" alt=\"\" srcset=\"https:\/\/linitiative.ca\/International\/wp-content\/uploads\/sites\/23\/2021\/10\/caravanemC3A9dicale-copier.jpg 750w, http:\/\/www.mapmarrakech.ma\/map\/uploads\/2021\/10\/caravanem\u00e9dicale-copier-300x172.jpg 300w\" sizes=\"auto, (max-width: 750px) 100vw, 750px\"><\/div>\n<p class=\"xmsonormal\">Cette initiative solidaire et humaine dont, l\u2019encadrement a \u00e9t\u00e9 assur\u00e9 par des m\u00e9decins g\u00e9n\u00e9ralistes et sp\u00e9cialis\u00e9s, des infirmiers et des techniciens param\u00e9dicaux, a profit\u00e9 \u00e0 107 pensionnaires, qui ont b\u00e9n\u00e9fici\u00e9 de consultations m\u00e9dicales relatives au diab\u00e8te et \u00e0 l\u2019hypertension, ainsi que de consultations ophtalmologiques.<\/p>\n<p class=\"xmsonormal\">Selon un communiqu\u00e9 de la DRS Marrakech- Safi, dans le cadre de cette Caravane m\u00e9dicale, il a \u00e9t\u00e9 proc\u00e9d\u00e9 \u00e0 la programmation d\u2019une s\u00e9rie d\u2019op\u00e9rations chirurgicales de la cataracte et ce, au profit de 11 pensionnaires de Dar Al Bir Wa Al Ihssane souffrant de cette maladie oculaire.<\/p>\n<p class=\"xmsonormal\">Plusieurs partenaires, dont le Croissant Rouge Marocain (CRM), les laboratoires pharmaceutiques et les autorit\u00e9s locales, ont contribu\u00e9 \u00e0 la r\u00e9ussite de cette caravane m\u00e9dicale, qui s\u2019est d\u00e9roul\u00e9e dans le respect strict des mesures pr\u00e9ventives visant \u00e0 enrayer la propagation du nouveau coronavirus (Covid-19).<\/p>\n<p>La DRS Marrakech- Safi a rappel\u00e9 que cette caravane a \u00e9t\u00e9 organis\u00e9e \u00e9tant donn\u00e9 que le Maroc est rentr\u00e9 dans une phase de transition d\u00e9mographique caract\u00e9ris\u00e9e par la vieillesse de la population et l\u2019augmentation de l\u2019esp\u00e9rance de vie.<\/p>\n<p>Ainsi, le taux de la cat\u00e9gorie des personnes de 60 ans et plus, a atteint en 2021, 11,7% de l\u2019ensemble de la population, alors que cette frange sociale demeure la plus vuln\u00e9rable aux maladies chroniques d\u2019o\u00f9, l\u2019importance d\u2019une prise en charge sociale et m\u00e9dicale particuli\u00e8re.<\/p>\n<p>The post <a rel=\"nofollow\" href=\"http:\/\/www.mapmarrakech.ma\/fr\/caravane-medicale-au-profit-de-plus-de-100-personnes-agees\/\">Caravane m\u00e9dicale au profit de plus de 100 personnes \u00e2g\u00e9es<\/a> appeared first on <a rel=\"nofollow\" href=\"http:\/\/www.mapmarrakech.ma\/fr\">MapMarrakech<\/a>.<\/p>\n<\/div>\n<p>Auteur: Meriem IGASS<br \/>\n<a href=\"http:\/\/www.mapmarrakech.ma\/fr\/caravane-medicale-au-profit-de-plus-de-100-personnes-agees\/\">Cliquez ici pour lire l&rsquo;article depuis sa source.<\/a><\/p>\n","protected":false},"excerpt":{"rendered":"<p>Cette initiative solidaire et humaine dont, l\u2019encadrement a \u00e9t\u00e9 assur\u00e9 par des m\u00e9decins g\u00e9n\u00e9ralistes et sp\u00e9cialis\u00e9s, des infirmiers et des techniciens param\u00e9dicaux, a profit\u00e9 \u00e0 107 pensionnaires, qui ont b\u00e9n\u00e9fici\u00e9 de consultations m\u00e9dicales relatives au diab\u00e8te et \u00e0 l\u2019hypertension, ainsi que de consultations ophtalmologiques. Selon un communiqu\u00e9 de la DRS Marrakech- Safi, dans le cadre [&hellip;]<\/p>\n","protected":false},"author":1788,"featured_media":0,"comment_status":"closed","ping_status":"closed","sticky":false,"template":"","format":"standard","meta":{"fifu_image_url":"http:\/\/www.mapmarrakech.ma\/map\/uploads\/2021\/10\/caravanem\u00e9dicale-copier.jpg","fifu_image_alt":"Caravane m\u00e9dicale au profit de plus de 100 personnes \u00e2g\u00e9es","footnotes":""},"categories":[54,76],"tags":[],"class_list":["post-129645","post","type-post","status-publish","format-standard","hentry","category-maroc","category-regions"],"_links":{"self":[{"href":"https:\/\/linitiative.ca\/International\/wp-json\/wp\/v2\/posts\/129645","targetHints":{"allow":["GET"]}}],"collection":[{"href":"https:\/\/linitiative.ca\/International\/wp-json\/wp\/v2\/posts"}],"about":[{"href":"https:\/\/linitiative.ca\/International\/wp-json\/wp\/v2\/types\/post"}],"author":[{"embeddable":true,"href":"https:\/\/linitiative.ca\/International\/wp-json\/wp\/v2\/users\/1788"}],"replies":[{"embeddable":true,"href":"https:\/\/linitiative.ca\/International\/wp-json\/wp\/v2\/comments?post=129645"}],"version-history":[{"count":0,"href":"https:\/\/linitiative.ca\/International\/wp-json\/wp\/v2\/posts\/129645\/revisions"}],"wp:attachment":[{"href":"https:\/\/linitiative.ca\/International\/wp-json\/wp\/v2\/media?parent=129645"}],"wp:term":[{"taxonomy":"category","embeddable":true,"href":"https:\/\/linitiative.ca\/International\/wp-json\/wp\/v2\/categories?post=129645"},{"taxonomy":"post_tag","embeddable":true,"href":"https:\/\/linitiative.ca\/International\/wp-json\/wp\/v2\/tags?post=129645"}],"curies":[{"name":"wp","href":"https:\/\/api.w.org\/{rel}","templated":true}]}}