{"id":129647,"date":"2021-10-10T18:09:33","date_gmt":"2021-10-10T22:09:33","guid":{"rendered":"https:\/\/linitiative.ca\/International\/appel-a-ladaptation-de-la-fiscalite-locale-a-la-regionalisation-2\/"},"modified":"2021-10-10T18:09:33","modified_gmt":"2021-10-10T22:09:33","slug":"appel-a-ladaptation-de-la-fiscalite-locale-a-la-regionalisation-2","status":"publish","type":"post","link":"https:\/\/linitiative.ca\/International\/appel-a-ladaptation-de-la-fiscalite-locale-a-la-regionalisation-2\/","title":{"rendered":"Appel \u00e0 l\u2019adaptation de la fiscalit\u00e9 locale \u00e0 la r\u00e9gionalisation"},"content":{"rendered":"<div>\n<div style=\"margin-bottom:20px;\"><img loading=\"lazy\" decoding=\"async\" width=\"750\" height=\"430\" src=\"https:\/\/linitiative.ca\/International\/wp-content\/uploads\/sites\/23\/2021\/10\/video-7.jpg\" class=\"attachment-post-thumbnail size-post-thumbnail wp-post-image\" alt=\"\" srcset=\"https:\/\/linitiative.ca\/International\/wp-content\/uploads\/sites\/23\/2021\/10\/video-7.jpg 750w, http:\/\/www.mapmarrakech.ma\/map\/uploads\/2021\/10\/video-7-300x172.jpg 300w\" sizes=\"auto, (max-width: 750px) 100vw, 750px\"><\/div>\n<p>The post <a rel=\"nofollow\" href=\"http:\/\/www.mapmarrakech.ma\/fr\/appel-a-ladaptation-de-la-fiscalite-locale-a-la-regionalisation-2\/\">Appel \u00e0 l\u2019adaptation de la fiscalit\u00e9 locale \u00e0 la r\u00e9gionalisation<\/a> appeared first on <a rel=\"nofollow\" href=\"http:\/\/www.mapmarrakech.ma\/fr\">MapMarrakech<\/a>.<\/p>\n<\/div>\n<p>Auteur: Meriem IGASS<br \/>\n<a href=\"http:\/\/www.mapmarrakech.ma\/fr\/appel-a-ladaptation-de-la-fiscalite-locale-a-la-regionalisation-2\/\">Cliquez ici pour lire l&rsquo;article depuis sa source.<\/a><\/p>\n","protected":false},"excerpt":{"rendered":"<p>The post Appel \u00e0 l\u2019adaptation de la fiscalit\u00e9 locale \u00e0 la r\u00e9gionalisation appeared first on MapMarrakech. Auteur: Meriem IGASS Cliquez ici pour lire l&rsquo;article depuis sa source.<\/p>\n","protected":false},"author":1788,"featured_media":0,"comment_status":"closed","ping_status":"closed","sticky":false,"template":"","format":"standard","meta":{"fifu_image_url":"http:\/\/www.mapmarrakech.ma\/map\/uploads\/2021\/10\/video-7.jpg","fifu_image_alt":"Appel \u00e0 l\u2019adaptation de la fiscalit\u00e9 locale \u00e0 la r\u00e9gionalisation","footnotes":""},"categories":[54,76],"tags":[],"class_list":["post-129647","post","type-post","status-publish","format-standard","hentry","category-maroc","category-regions"],"_links":{"self":[{"href":"https:\/\/linitiative.ca\/International\/wp-json\/wp\/v2\/posts\/129647","targetHints":{"allow":["GET"]}}],"collection":[{"href":"https:\/\/linitiative.ca\/International\/wp-json\/wp\/v2\/posts"}],"about":[{"href":"https:\/\/linitiative.ca\/International\/wp-json\/wp\/v2\/types\/post"}],"author":[{"embeddable":true,"href":"https:\/\/linitiative.ca\/International\/wp-json\/wp\/v2\/users\/1788"}],"replies":[{"embeddable":true,"href":"https:\/\/linitiative.ca\/International\/wp-json\/wp\/v2\/comments?post=129647"}],"version-history":[{"count":0,"href":"https:\/\/linitiative.ca\/International\/wp-json\/wp\/v2\/posts\/129647\/revisions"}],"wp:attachment":[{"href":"https:\/\/linitiative.ca\/International\/wp-json\/wp\/v2\/media?parent=129647"}],"wp:term":[{"taxonomy":"category","embeddable":true,"href":"https:\/\/linitiative.ca\/International\/wp-json\/wp\/v2\/categories?post=129647"},{"taxonomy":"post_tag","embeddable":true,"href":"https:\/\/linitiative.ca\/International\/wp-json\/wp\/v2\/tags?post=129647"}],"curies":[{"name":"wp","href":"https:\/\/api.w.org\/{rel}","templated":true}]}}