{"id":129649,"date":"2021-10-11T08:22:27","date_gmt":"2021-10-11T12:22:27","guid":{"rendered":"https:\/\/linitiative.ca\/International\/previsions-meteorologiques-du-mardi-12-octobre-2021\/"},"modified":"2021-10-11T08:22:27","modified_gmt":"2021-10-11T12:22:27","slug":"previsions-meteorologiques-du-mardi-12-octobre-2021","status":"publish","type":"post","link":"https:\/\/linitiative.ca\/International\/previsions-meteorologiques-du-mardi-12-octobre-2021\/","title":{"rendered":"Pr\u00e9visions m\u00e9t\u00e9orologiques du mardi 12 octobre 2021"},"content":{"rendered":"<div>\n<div style=\"margin-bottom:20px;\"><img loading=\"lazy\" decoding=\"async\" width=\"750\" height=\"430\" src=\"https:\/\/linitiative.ca\/International\/wp-content\/uploads\/sites\/23\/2021\/10\/soleil-2-2-1.jpg\" class=\"attachment-post-thumbnail size-post-thumbnail wp-post-image\" alt=\"\" srcset=\"https:\/\/linitiative.ca\/International\/wp-content\/uploads\/sites\/23\/2021\/10\/soleil-2-2-1.jpg 750w, http:\/\/www.mapmarrakech.ma\/map\/uploads\/2021\/09\/soleil-2-2-300x172.jpg 300w\" sizes=\"auto, (max-width: 750px) 100vw, 750px\"><\/div>\n<p>\u2013 Temps passag\u00e8rement nuageux sur le nord-ouest, la m\u00e9diterran\u00e9e et le rif avec possibilit\u00e9 de quelques ond\u00e9es \u00e9parses et orages par endroits.<\/p>\n<p>\u2013 Foyers orageux avec ond\u00e9es ou averses sur le haut et le moyen atlas et l\u2019oriental.<\/p>\n<p>\u2013 Quelques formations brumeuses sur les c\u00f4tes centre et sud.<\/p>\n<p>\u2013 Ciel clair \u00e0 peu nuageux ailleurs.<\/p>\n<p>\u2013 Quelques rafales de vent assez fortes sur le Tang\u00e9rois et le sud de l\u2019oriental.<\/p>\n<p>\u2013 Temp\u00e9rature minimale de l\u2019ordre de 09\/15\u00b0c sur les reliefs, de 20\/26\u00b0c sur les extr\u00eames sud et sud-est du pays et de 14\/20\u00b0c partout ailleurs.<\/p>\n<p>\u2013 Temp\u00e9ratures maximales en baisse sensible sur le nord-ouest et de l\u2019ordre de 34\/39\u00b0c sur l\u2019extr\u00eame sud et sud-est du pays, 28\/34\u00b0c sur l\u2019int\u00e9rieur du souss, le nord des provinces sud, 24\/30\u00b0c sur l\u2019oriental, les plaines nord et centre et de 20\/25\u00b0c sur le Gharb, le Loukkos, la m\u00e9diterran\u00e9e et les reliefs.<\/p>\n<p>\u2013 Mer peu agit\u00e9e \u00e0 agit\u00e9e sur la M\u00e9diterran\u00e9e et le D\u00e9troit, peu agit\u00e9e \u00e0 agit\u00e9e devenant peu agit\u00e9e la matin\u00e9e entre Cap Spartel et Dakhla ailleurs.<\/p>\n<p>The post <a rel=\"nofollow\" href=\"http:\/\/www.mapmarrakech.ma\/fr\/previsions-meteorologiques-du-mardi-12-octobre-2021\/\">Pr\u00e9visions m\u00e9t\u00e9orologiques du mardi 12 octobre 2021<\/a> appeared first on <a rel=\"nofollow\" href=\"http:\/\/www.mapmarrakech.ma\/fr\">MapMarrakech<\/a>.<\/p>\n<\/div>\n<p>Auteur: Meriem IGASS<br \/>\n<a href=\"http:\/\/www.mapmarrakech.ma\/fr\/previsions-meteorologiques-du-mardi-12-octobre-2021\/\">Cliquez ici pour lire l&rsquo;article depuis sa source.<\/a><\/p>\n","protected":false},"excerpt":{"rendered":"<p>\u2013 Temps passag\u00e8rement nuageux sur le nord-ouest, la m\u00e9diterran\u00e9e et le rif avec possibilit\u00e9 de quelques ond\u00e9es \u00e9parses et orages par endroits. \u2013 Foyers orageux avec ond\u00e9es ou averses sur le haut et le moyen atlas et l\u2019oriental. \u2013 Quelques formations brumeuses sur les c\u00f4tes centre et sud. \u2013 Ciel clair \u00e0 peu nuageux ailleurs. [&hellip;]<\/p>\n","protected":false},"author":1788,"featured_media":0,"comment_status":"closed","ping_status":"closed","sticky":false,"template":"","format":"standard","meta":{"fifu_image_url":"http:\/\/www.mapmarrakech.ma\/map\/uploads\/2021\/09\/soleil-2-2.jpg","fifu_image_alt":"Pr\u00e9visions m\u00e9t\u00e9orologiques du mardi 12 octobre 2021","footnotes":""},"categories":[54,76],"tags":[],"class_list":["post-129649","post","type-post","status-publish","format-standard","hentry","category-maroc","category-regions"],"_links":{"self":[{"href":"https:\/\/linitiative.ca\/International\/wp-json\/wp\/v2\/posts\/129649","targetHints":{"allow":["GET"]}}],"collection":[{"href":"https:\/\/linitiative.ca\/International\/wp-json\/wp\/v2\/posts"}],"about":[{"href":"https:\/\/linitiative.ca\/International\/wp-json\/wp\/v2\/types\/post"}],"author":[{"embeddable":true,"href":"https:\/\/linitiative.ca\/International\/wp-json\/wp\/v2\/users\/1788"}],"replies":[{"embeddable":true,"href":"https:\/\/linitiative.ca\/International\/wp-json\/wp\/v2\/comments?post=129649"}],"version-history":[{"count":0,"href":"https:\/\/linitiative.ca\/International\/wp-json\/wp\/v2\/posts\/129649\/revisions"}],"wp:attachment":[{"href":"https:\/\/linitiative.ca\/International\/wp-json\/wp\/v2\/media?parent=129649"}],"wp:term":[{"taxonomy":"category","embeddable":true,"href":"https:\/\/linitiative.ca\/International\/wp-json\/wp\/v2\/categories?post=129649"},{"taxonomy":"post_tag","embeddable":true,"href":"https:\/\/linitiative.ca\/International\/wp-json\/wp\/v2\/tags?post=129649"}],"curies":[{"name":"wp","href":"https:\/\/api.w.org\/{rel}","templated":true}]}}