{"id":129653,"date":"2021-10-11T13:17:51","date_gmt":"2021-10-11T17:17:51","guid":{"rendered":"https:\/\/linitiative.ca\/International\/campagne-contre-la-stigmatisation-des-personnes-atteintes-de-troubles-mentaux\/"},"modified":"2021-10-11T13:17:51","modified_gmt":"2021-10-11T17:17:51","slug":"campagne-contre-la-stigmatisation-des-personnes-atteintes-de-troubles-mentaux","status":"publish","type":"post","link":"https:\/\/linitiative.ca\/International\/campagne-contre-la-stigmatisation-des-personnes-atteintes-de-troubles-mentaux\/","title":{"rendered":"Campagne contre la stigmatisation des personnes atteintes de troubles mentaux"},"content":{"rendered":"<div>\n<div style=\"margin-bottom:20px;\"><img loading=\"lazy\" decoding=\"async\" width=\"750\" height=\"430\" src=\"https:\/\/linitiative.ca\/International\/wp-content\/uploads\/sites\/23\/2021\/10\/MinistC3A8re-de-la-santC3A8-M-750x430-2.jpg\" class=\"attachment-post-thumbnail size-post-thumbnail wp-post-image\" alt=\"\" srcset=\"https:\/\/linitiative.ca\/International\/wp-content\/uploads\/sites\/23\/2021\/10\/MinistC3A8re-de-la-santC3A8-M-750x430-2.jpg 750w, http:\/\/www.mapoujda.ma\/map\/uploads\/2020\/03\/Minist\u00e8re-de-la-sant\u00e8-M-750x430-300x172.jpg 300w\" sizes=\"auto, (max-width: 750px) 100vw, 750px\"><\/div>\n<div>\n<p style=\"text-align: justify;\">Le minist\u00e8re de la Sant\u00e9 et de la Protection sociale a lanc\u00e9 une campagne de lutte contre la stigmatisation des personnes atteintes de troubles mentaux, \u00e0 l\u2019occasion de la Journ\u00e9e mondiale de la sant\u00e9 mentale.<\/p>\n<p style=\"text-align: justify;\">Pr\u00e9vue du 10 au 17 octobre, sous le slogan \u00ab\u00a0Le trouble mental est un \u00e9tat de sant\u00e9\u2026la dignit\u00e9 et les droits pour vous et moi\u00a0\u00bb, cette campagne a pour but de promouvoir les droits de ces personnes, de d\u00e9manteler les pr\u00e9jug\u00e9s associ\u00e9s \u00e0 leurs troubles et de sensibiliser les proches, les familles et la soci\u00e9t\u00e9 \u00e0 l\u2019importance de les accompagner pour parvenir \u00e0 leur r\u00e9tablissement, indique un communiqu\u00e9 du minist\u00e8re.<\/p>\n<p style=\"text-align: justify;\">Cette journ\u00e9e est une occasion pour sensibiliser le grand public et les professionnels de la sant\u00e9 aux probl\u00e8mes rencontr\u00e9s par les personnes atteintes de troubles mentaux, en particulier la stigmatisation, souligne le communiqu\u00e9.<\/p>\n<p style=\"text-align: justify;\">Pendant plusieurs si\u00e8cles, les personnes atteintes de troubles mentaux ont v\u00e9cu dans des conditions pr\u00e9caires, rejet\u00e9es et marginalis\u00e9es par la soci\u00e9t\u00e9, en raison de pr\u00e9jug\u00e9s et d\u2019attitudes n\u00e9gatives \u00e0 leur \u00e9gard, en particulier le fait de les cat\u00e9goriser en tant que des personnes violentes, impuissantes, d\u00e9motiv\u00e9es, moralement d\u00e9ficientes et incurables, rel\u00e8ve la m\u00eame source.<\/p>\n<p style=\"text-align: justify;\">Des enqu\u00eates ont montr\u00e9 que les attitudes sociales n\u00e9gatives envers les personnes atteintes de troubles mentaux constituent des obstacles \u00e0 leur acc\u00e8s rapide au traitement.<\/p>\n<p style=\"text-align: justify;\">L\u2019organisation mondiale de la sant\u00e9 estime que plus de 50% des personnes atteintes de troubles graves ne re\u00e7oivent aucun traitement. Ces attitudes affectent n\u00e9gativement leur famille et relations sociales et entravent leur r\u00e9insertion.<\/p>\n<p style=\"text-align: justify;\">La stigmatisation touche davantage les personnes lorsqu\u2019elle provient des proches et des membres de la famille, tandis que le soutien affectif de l\u2019environnement familial est un pilier essentiel afin de faciliter le r\u00e9tablissement.<\/p>\n<p style=\"text-align: justify;\">Ainsi, l\u2019organisation mondiale de la sant\u00e9 a recommand\u00e9 la promotion des droits des patients et a consid\u00e9r\u00e9 la lutte contre la stigmatisation des troubles mentaux comme l\u2019un des axes principaux dans le domaine de la sant\u00e9 mentale.<\/p>\n<\/div>\n<p>L\u2019article <a rel=\"nofollow\" href=\"http:\/\/www.mapoujda.ma\/fr\/campagne-contre-la-stigmatisation-des-personnes-atteintes-de-troubles-mentaux\/\">Campagne contre la stigmatisation des personnes atteintes de troubles mentaux<\/a> est apparu en premier sur <a rel=\"nofollow\" href=\"http:\/\/www.mapoujda.ma\/fr\">MapOujda<\/a>.<\/p>\n<\/div>\n<p>Auteur: Soufiane ELAHMAR<br \/>\n<a href=\"http:\/\/www.mapoujda.ma\/fr\/campagne-contre-la-stigmatisation-des-personnes-atteintes-de-troubles-mentaux\/\">Cliquez ici pour lire l&rsquo;article depuis sa source.<\/a><\/p>\n","protected":false},"excerpt":{"rendered":"<p>Le minist\u00e8re de la Sant\u00e9 et de la Protection sociale a lanc\u00e9 une campagne de lutte contre la stigmatisation des personnes atteintes de troubles mentaux, \u00e0 l\u2019occasion de la Journ\u00e9e mondiale de la sant\u00e9 mentale. Pr\u00e9vue du 10 au 17 octobre, sous le slogan \u00ab\u00a0Le trouble mental est un \u00e9tat de sant\u00e9\u2026la dignit\u00e9 et les [&hellip;]<\/p>\n","protected":false},"author":1788,"featured_media":0,"comment_status":"closed","ping_status":"closed","sticky":false,"template":"","format":"standard","meta":{"fifu_image_url":"http:\/\/www.mapoujda.ma\/map\/uploads\/2020\/03\/Minist\u00e8re-de-la-sant\u00e8-M-750x430.jpg","fifu_image_alt":"Campagne contre la stigmatisation des personnes atteintes de troubles mentaux","footnotes":""},"categories":[54,76],"tags":[],"class_list":["post-129653","post","type-post","status-publish","format-standard","hentry","category-maroc","category-regions"],"_links":{"self":[{"href":"https:\/\/linitiative.ca\/International\/wp-json\/wp\/v2\/posts\/129653","targetHints":{"allow":["GET"]}}],"collection":[{"href":"https:\/\/linitiative.ca\/International\/wp-json\/wp\/v2\/posts"}],"about":[{"href":"https:\/\/linitiative.ca\/International\/wp-json\/wp\/v2\/types\/post"}],"author":[{"embeddable":true,"href":"https:\/\/linitiative.ca\/International\/wp-json\/wp\/v2\/users\/1788"}],"replies":[{"embeddable":true,"href":"https:\/\/linitiative.ca\/International\/wp-json\/wp\/v2\/comments?post=129653"}],"version-history":[{"count":0,"href":"https:\/\/linitiative.ca\/International\/wp-json\/wp\/v2\/posts\/129653\/revisions"}],"wp:attachment":[{"href":"https:\/\/linitiative.ca\/International\/wp-json\/wp\/v2\/media?parent=129653"}],"wp:term":[{"taxonomy":"category","embeddable":true,"href":"https:\/\/linitiative.ca\/International\/wp-json\/wp\/v2\/categories?post=129653"},{"taxonomy":"post_tag","embeddable":true,"href":"https:\/\/linitiative.ca\/International\/wp-json\/wp\/v2\/tags?post=129653"}],"curies":[{"name":"wp","href":"https:\/\/api.w.org\/{rel}","templated":true}]}}