{"id":129656,"date":"2021-10-11T11:43:25","date_gmt":"2021-10-11T15:43:25","guid":{"rendered":"https:\/\/linitiative.ca\/International\/journee-nationale-de-la-femme-baouabate-fes-rend-hommage-a-des-femmes-dexception\/"},"modified":"2021-10-11T11:43:25","modified_gmt":"2021-10-11T15:43:25","slug":"journee-nationale-de-la-femme-baouabate-fes-rend-hommage-a-des-femmes-dexception","status":"publish","type":"post","link":"https:\/\/linitiative.ca\/International\/journee-nationale-de-la-femme-baouabate-fes-rend-hommage-a-des-femmes-dexception\/","title":{"rendered":"Journ\u00e9e nationale de la femme: Baouabate F\u00e8s rend hommage \u00e0 des femmes d&rsquo;exception"},"content":{"rendered":"<div>\n<div class=\"field field-name-body field-type-text-with-summary field-label-hidden\">\n<div class=\"field-items\">\n<div class=\"field-item even\" property=\"content:encoded\">\n<p class=\"rtejustify\">L&rsquo;Association Bouabate F\u00e8s a c\u00e9l\u00e9br\u00e9, dimanche, la journ\u00e9e nationale de la femme. Ainsi, l&rsquo;ONG a rendu un hommage \u00e0 une vingtaine de femmes et d&rsquo;hommes. Y figurent notamment des magistrats, experts comptables, m\u00e9decins et femmes politiques, journalistes et responsables de communication. L&rsquo;\u00e9v\u00e9nement de cette ann\u00e9e a \u00e9t\u00e9 rehauss\u00e9 par la pr\u00e9sence du nouveau maire de F\u00e8s Abdeslam Bekkali et le doyen des journalistes Essaddik Maanino.<\/p>\n<\/div>\n<\/div>\n<\/div>\n<\/div>\n<p>Auteur: hgueye<br \/>\n<a href=\"https:\/\/www.leconomiste.com\/flash-infos\/journee-nationale-de-la-femme-baouabate-fes-rend-hommage-des-femmes-d-exception\">Cliquez ici pour lire l&rsquo;article depuis sa source.<\/a><\/p>\n","protected":false},"excerpt":{"rendered":"<p>L&rsquo;Association Bouabate F\u00e8s a c\u00e9l\u00e9br\u00e9, dimanche, la journ\u00e9e nationale de la femme. Ainsi, l&rsquo;ONG a rendu un hommage \u00e0 une vingtaine de femmes et d&rsquo;hommes. Y figurent notamment des magistrats, experts comptables, m\u00e9decins et femmes politiques, journalistes et responsables de communication. L&rsquo;\u00e9v\u00e9nement de cette ann\u00e9e a \u00e9t\u00e9 rehauss\u00e9 par la pr\u00e9sence du nouveau maire de [&hellip;]<\/p>\n","protected":false},"author":1763,"featured_media":0,"comment_status":"closed","ping_status":"closed","sticky":false,"template":"","format":"standard","meta":{"fifu_image_url":"","fifu_image_alt":"","footnotes":""},"categories":[78,54],"tags":[],"class_list":["post-129656","post","type-post","status-publish","format-standard","hentry","category-economie","category-maroc"],"_links":{"self":[{"href":"https:\/\/linitiative.ca\/International\/wp-json\/wp\/v2\/posts\/129656","targetHints":{"allow":["GET"]}}],"collection":[{"href":"https:\/\/linitiative.ca\/International\/wp-json\/wp\/v2\/posts"}],"about":[{"href":"https:\/\/linitiative.ca\/International\/wp-json\/wp\/v2\/types\/post"}],"author":[{"embeddable":true,"href":"https:\/\/linitiative.ca\/International\/wp-json\/wp\/v2\/users\/1763"}],"replies":[{"embeddable":true,"href":"https:\/\/linitiative.ca\/International\/wp-json\/wp\/v2\/comments?post=129656"}],"version-history":[{"count":0,"href":"https:\/\/linitiative.ca\/International\/wp-json\/wp\/v2\/posts\/129656\/revisions"}],"wp:attachment":[{"href":"https:\/\/linitiative.ca\/International\/wp-json\/wp\/v2\/media?parent=129656"}],"wp:term":[{"taxonomy":"category","embeddable":true,"href":"https:\/\/linitiative.ca\/International\/wp-json\/wp\/v2\/categories?post=129656"},{"taxonomy":"post_tag","embeddable":true,"href":"https:\/\/linitiative.ca\/International\/wp-json\/wp\/v2\/tags?post=129656"}],"curies":[{"name":"wp","href":"https:\/\/api.w.org\/{rel}","templated":true}]}}