{"id":129657,"date":"2021-10-11T11:59:34","date_gmt":"2021-10-11T15:59:34","guid":{"rendered":"https:\/\/linitiative.ca\/International\/la-directrice-com-de-leducation-nationale-quitte-son-poste\/"},"modified":"2021-10-11T11:59:34","modified_gmt":"2021-10-11T15:59:34","slug":"la-directrice-com-de-leducation-nationale-quitte-son-poste","status":"publish","type":"post","link":"https:\/\/linitiative.ca\/International\/la-directrice-com-de-leducation-nationale-quitte-son-poste\/","title":{"rendered":"La directrice com de l\u2019Education nationale quitte son poste"},"content":{"rendered":"<div>\n<div class=\"field field-name-body field-type-text-with-summary field-label-hidden\">\n<div class=\"field-items\">\n<div class=\"field-item even\" property=\"content:encoded\">\n<p class=\"rtejustify\">Apr\u00e8s 11 ann\u00e9es de bons et loyaux services, Fatima Ouahmi, directrice communication du minist\u00e8re de l\u2019Education nationale, quitte son poste. Elle int\u00e8gre la facult\u00e9 des sciences de l\u2019\u00e9ducation de Rabat en tant qu\u2019enseignante-chercheuse. Avant de rejoindre la direction centrale du minist\u00e8re en 2010, sur sollicitation de l\u2019ancienne secr\u00e9taire d&rsquo;\u00c9tat charg\u00e9e de l&rsquo;Enseignement scolaire, Latifa El Abida, Ouahmi enseignait les techniques de gestion administrative, de com, de vente et de n\u00e9gociation \u00e0 l\u2019ENSET (Mohammedia).<\/p>\n<\/div>\n<\/div>\n<\/div>\n<\/div>\n<p>Auteur: hgueye<br \/>\n<a href=\"https:\/\/www.leconomiste.com\/flash-infos\/la-directrice-com-de-l-education-nationale-quitte-son-poste\">Cliquez ici pour lire l&rsquo;article depuis sa source.<\/a><\/p>\n","protected":false},"excerpt":{"rendered":"<p>Apr\u00e8s 11 ann\u00e9es de bons et loyaux services, Fatima Ouahmi, directrice communication du minist\u00e8re de l\u2019Education nationale, quitte son poste. Elle int\u00e8gre la facult\u00e9 des sciences de l\u2019\u00e9ducation de Rabat en tant qu\u2019enseignante-chercheuse. Avant de rejoindre la direction centrale du minist\u00e8re en 2010, sur sollicitation de l\u2019ancienne secr\u00e9taire d&rsquo;\u00c9tat charg\u00e9e de l&rsquo;Enseignement scolaire, Latifa El [&hellip;]<\/p>\n","protected":false},"author":1763,"featured_media":0,"comment_status":"closed","ping_status":"closed","sticky":false,"template":"","format":"standard","meta":{"fifu_image_url":"","fifu_image_alt":"","footnotes":""},"categories":[78,54],"tags":[],"class_list":["post-129657","post","type-post","status-publish","format-standard","hentry","category-economie","category-maroc"],"_links":{"self":[{"href":"https:\/\/linitiative.ca\/International\/wp-json\/wp\/v2\/posts\/129657","targetHints":{"allow":["GET"]}}],"collection":[{"href":"https:\/\/linitiative.ca\/International\/wp-json\/wp\/v2\/posts"}],"about":[{"href":"https:\/\/linitiative.ca\/International\/wp-json\/wp\/v2\/types\/post"}],"author":[{"embeddable":true,"href":"https:\/\/linitiative.ca\/International\/wp-json\/wp\/v2\/users\/1763"}],"replies":[{"embeddable":true,"href":"https:\/\/linitiative.ca\/International\/wp-json\/wp\/v2\/comments?post=129657"}],"version-history":[{"count":0,"href":"https:\/\/linitiative.ca\/International\/wp-json\/wp\/v2\/posts\/129657\/revisions"}],"wp:attachment":[{"href":"https:\/\/linitiative.ca\/International\/wp-json\/wp\/v2\/media?parent=129657"}],"wp:term":[{"taxonomy":"category","embeddable":true,"href":"https:\/\/linitiative.ca\/International\/wp-json\/wp\/v2\/categories?post=129657"},{"taxonomy":"post_tag","embeddable":true,"href":"https:\/\/linitiative.ca\/International\/wp-json\/wp\/v2\/tags?post=129657"}],"curies":[{"name":"wp","href":"https:\/\/api.w.org\/{rel}","templated":true}]}}