{"id":129659,"date":"2021-10-11T12:40:34","date_gmt":"2021-10-11T16:40:34","guid":{"rendered":"https:\/\/linitiative.ca\/International\/loi-de-finances-2022-ce-que-recommande-la-cgem\/"},"modified":"2021-10-11T12:40:34","modified_gmt":"2021-10-11T16:40:34","slug":"loi-de-finances-2022-ce-que-recommande-la-cgem","status":"publish","type":"post","link":"https:\/\/linitiative.ca\/International\/loi-de-finances-2022-ce-que-recommande-la-cgem\/","title":{"rendered":"Loi de Finances 2022: Ce que recommande la CGEM"},"content":{"rendered":"<div>\n<div class=\"field field-name-body field-type-text-with-summary field-label-hidden\">\n<div class=\"field-items\">\n<div class=\"field-item even\" property=\"content:encoded\">\n<p>Le patronat donne d\u00e9j\u00e0 le ton pour la prochaine Loi de finances 2022. La CGEM a en effet partag\u00e9 avec le minist\u00e8re de l\u2019\u00c9conomie et des Finances ses recommandations pour la Loi de finances en \u00e9mettant plusieurs recommandations.<\/p>\n<\/div>\n<\/div>\n<\/div>\n<\/div>\n<p>Auteur: hgueye<br \/>\n<a href=\"https:\/\/www.leconomiste.com\/flash-infos\/loi-de-finances-2022-ce-que-recommande-la-cgem\">Cliquez ici pour lire l&rsquo;article depuis sa source.<\/a><\/p>\n","protected":false},"excerpt":{"rendered":"<p>Le patronat donne d\u00e9j\u00e0 le ton pour la prochaine Loi de finances 2022. La CGEM a en effet partag\u00e9 avec le minist\u00e8re de l\u2019\u00c9conomie et des Finances ses recommandations pour la Loi de finances en \u00e9mettant plusieurs recommandations. Auteur: hgueye Cliquez ici pour lire l&rsquo;article depuis sa source.<\/p>\n","protected":false},"author":1763,"featured_media":0,"comment_status":"closed","ping_status":"closed","sticky":false,"template":"","format":"standard","meta":{"fifu_image_url":"","fifu_image_alt":"","footnotes":""},"categories":[78,54],"tags":[],"class_list":["post-129659","post","type-post","status-publish","format-standard","hentry","category-economie","category-maroc"],"_links":{"self":[{"href":"https:\/\/linitiative.ca\/International\/wp-json\/wp\/v2\/posts\/129659","targetHints":{"allow":["GET"]}}],"collection":[{"href":"https:\/\/linitiative.ca\/International\/wp-json\/wp\/v2\/posts"}],"about":[{"href":"https:\/\/linitiative.ca\/International\/wp-json\/wp\/v2\/types\/post"}],"author":[{"embeddable":true,"href":"https:\/\/linitiative.ca\/International\/wp-json\/wp\/v2\/users\/1763"}],"replies":[{"embeddable":true,"href":"https:\/\/linitiative.ca\/International\/wp-json\/wp\/v2\/comments?post=129659"}],"version-history":[{"count":0,"href":"https:\/\/linitiative.ca\/International\/wp-json\/wp\/v2\/posts\/129659\/revisions"}],"wp:attachment":[{"href":"https:\/\/linitiative.ca\/International\/wp-json\/wp\/v2\/media?parent=129659"}],"wp:term":[{"taxonomy":"category","embeddable":true,"href":"https:\/\/linitiative.ca\/International\/wp-json\/wp\/v2\/categories?post=129659"},{"taxonomy":"post_tag","embeddable":true,"href":"https:\/\/linitiative.ca\/International\/wp-json\/wp\/v2\/tags?post=129659"}],"curies":[{"name":"wp","href":"https:\/\/api.w.org\/{rel}","templated":true}]}}