{"id":129683,"date":"2021-10-11T12:43:00","date_gmt":"2021-10-11T16:43:00","guid":{"rendered":"https:\/\/linitiative.ca\/International\/qui-est-neila-nouira-gongi-la-nouvelle-ministre-de-lindustrie-de-lenergie-et-des-mines\/"},"modified":"2021-10-11T12:43:00","modified_gmt":"2021-10-11T16:43:00","slug":"qui-est-neila-nouira-gongi-la-nouvelle-ministre-de-lindustrie-de-lenergie-et-des-mines","status":"publish","type":"post","link":"https:\/\/linitiative.ca\/International\/qui-est-neila-nouira-gongi-la-nouvelle-ministre-de-lindustrie-de-lenergie-et-des-mines\/","title":{"rendered":"Qui est Neila Nouira Gongi, la nouvelle ministre de l\u2019Industrie, de l\u2019Energie et des Mines"},"content":{"rendered":"<div><img decoding=\"async\" src=\"https:\/\/linitiative.ca\/International\/wp-content\/uploads\/sites\/23\/2021\/10\/1633967309_article.jpg\" alt=\"Qui est Neila Nouira Gongi, la nouvelle ministre de l\u2019Industrie, de l\u2019Energie et des Mines\" align=\"left\">N\u00e9e le 18 Septembre 1959 \u00e0 Tunis<br \/>\nMari\u00e9e et m\u00e8re de deux enfants.<br \/>\nElle est dipl\u00f4m\u00e9e du cycle sup\u00e9rieur de l&rsquo;Ecole Nationale d&rsquo;Administration de Tunis en tant que \u00ab\u00a0Conseiller des services publics\u00a0\u00bb en 1985.<br \/>\nElle est dipl\u00f4m\u00e9e de l\u2019Institut de D\u00e9fense Nationale (IDN), 23\u00e8me promotion.<br \/>\nEnsuite, elle a rejoint la Direction de la Coop\u00e9ration du Minist\u00e8re de l&rsquo;Economie Nationale en tant que responsable de la coop\u00e9ration bilat\u00e9rale puis de la coop\u00e9ration multilat\u00e9rale, o\u00f9 elle \u00e9tait membre permanent repr\u00e9sentant le Minist\u00e8re dans les n\u00e9gociations avec l&rsquo;Union europ\u00e9enne et l&rsquo;Organisation Mondiale du Commerce.<br \/>\nEn 1995, elle a rejoint le Cabinet du Ministre de &#8230;<\/p>\n<\/div>\n<p>Auteur:<br \/>\n<a href=\"https:\/\/www.leaders.com.tn\/article\/32520-qui-est-neila-nouira-gongi-la-nouvelle-ministre-de-l-industrie-de-l-energie-et-des-mines\">Cliquez ici pour lire l&rsquo;article depuis sa source.<\/a><\/p>\n","protected":false},"excerpt":{"rendered":"<p>N\u00e9e le 18 Septembre 1959 \u00e0 Tunis Mari\u00e9e et m\u00e8re de deux enfants. Elle est dipl\u00f4m\u00e9e du cycle sup\u00e9rieur de l&rsquo;Ecole Nationale d&rsquo;Administration de Tunis en tant que \u00ab\u00a0Conseiller des services publics\u00a0\u00bb en 1985. Elle est dipl\u00f4m\u00e9e de l\u2019Institut de D\u00e9fense Nationale (IDN), 23\u00e8me promotion. Ensuite, elle a rejoint la Direction de la Coop\u00e9ration du [&hellip;]<\/p>\n","protected":false},"author":1772,"featured_media":0,"comment_status":"closed","ping_status":"closed","sticky":false,"template":"","format":"standard","meta":{"fifu_image_url":"http:\/\/www.leaders.com.tn\/uploads\/content\/thumbnails_small\/1633967309_article.jpg","fifu_image_alt":"Qui est Neila Nouira Gongi, la nouvelle ministre de l\u2019Industrie, de l\u2019Energie et des Mines","footnotes":""},"categories":[73,55],"tags":[],"class_list":["post-129683","post","type-post","status-publish","format-standard","hentry","category-actualite","category-tunisie"],"_links":{"self":[{"href":"https:\/\/linitiative.ca\/International\/wp-json\/wp\/v2\/posts\/129683","targetHints":{"allow":["GET"]}}],"collection":[{"href":"https:\/\/linitiative.ca\/International\/wp-json\/wp\/v2\/posts"}],"about":[{"href":"https:\/\/linitiative.ca\/International\/wp-json\/wp\/v2\/types\/post"}],"author":[{"embeddable":true,"href":"https:\/\/linitiative.ca\/International\/wp-json\/wp\/v2\/users\/1772"}],"replies":[{"embeddable":true,"href":"https:\/\/linitiative.ca\/International\/wp-json\/wp\/v2\/comments?post=129683"}],"version-history":[{"count":0,"href":"https:\/\/linitiative.ca\/International\/wp-json\/wp\/v2\/posts\/129683\/revisions"}],"wp:attachment":[{"href":"https:\/\/linitiative.ca\/International\/wp-json\/wp\/v2\/media?parent=129683"}],"wp:term":[{"taxonomy":"category","embeddable":true,"href":"https:\/\/linitiative.ca\/International\/wp-json\/wp\/v2\/categories?post=129683"},{"taxonomy":"post_tag","embeddable":true,"href":"https:\/\/linitiative.ca\/International\/wp-json\/wp\/v2\/tags?post=129683"}],"curies":[{"name":"wp","href":"https:\/\/api.w.org\/{rel}","templated":true}]}}