{"id":129689,"date":"2021-10-11T14:49:00","date_gmt":"2021-10-11T18:49:00","guid":{"rendered":"https:\/\/linitiative.ca\/International\/plf-2022-voici-les-recommandations-du-patronat\/"},"modified":"2021-10-11T14:49:00","modified_gmt":"2021-10-11T18:49:00","slug":"plf-2022-voici-les-recommandations-du-patronat","status":"publish","type":"post","link":"https:\/\/linitiative.ca\/International\/plf-2022-voici-les-recommandations-du-patronat\/","title":{"rendered":"PLF 2022. Voici les recommandations du patronat"},"content":{"rendered":"<div><img decoding=\"async\" width=\"778\" height=\"487\" src=\"https:\/\/linitiative.ca\/International\/wp-content\/uploads\/sites\/23\/2021\/10\/chakib-alj-e1625049777758.jpg\" class=\"attachment-post-thumbnail size-post-thumbnail wp-post-image\" alt=\"\" loading=\"lazy\" srcset=\"https:\/\/linitiative.ca\/International\/wp-content\/uploads\/sites\/23\/2021\/10\/chakib-alj-e1625049777758.jpg 778w, https:\/\/www.challenge.ma\/wp-content\/uploads\/2021\/06\/chakib-alj-e1625049777758-300x188.jpg 300w, https:\/\/www.challenge.ma\/wp-content\/uploads\/2021\/06\/chakib-alj-e1625049777758-768x481.jpg 768w, https:\/\/www.challenge.ma\/wp-content\/uploads\/2021\/06\/chakib-alj-e1625049777758-360x225.jpg 360w, https:\/\/www.challenge.ma\/wp-content\/uploads\/2021\/06\/chakib-alj-e1625049777758-750x469.jpg 750w\" sizes=\"auto, (max-width: 778px) 100vw, 778px\" itemprop=\"image\">La Conf\u00e9d\u00e9ration g\u00e9n\u00e9rale des entreprises du Maroc (CGEM) vient de d\u00e9voiler, dans une d\u00e9marche constructive et participative avec le minist\u00e8re de l\u2019\u00c9conomie et des finances, ses recommandations pour le projet de Loi de finances 2022.La CGEM indique que \u00ab\u00a0les propositions \u00e9mises cette ann\u00e9e r\u00e9pondent principalement aux d\u00e9fis li\u00e9s \u00e0 la<\/div>\n<p>Auteur: challenge<br \/>\n<a href=\"https:\/\/www.challenge.ma\/plf-2022-voici-les-recommandations-du-patronat-223278\/\">Cliquez ici pour lire l&rsquo;article depuis sa source.<\/a><\/p>\n","protected":false},"excerpt":{"rendered":"<p>La Conf\u00e9d\u00e9ration g\u00e9n\u00e9rale des entreprises du Maroc (CGEM) vient de d\u00e9voiler, dans une d\u00e9marche constructive et participative avec le minist\u00e8re de l\u2019\u00c9conomie et des finances, ses recommandations pour le projet de Loi de finances 2022.La CGEM indique que \u00ab\u00a0les propositions \u00e9mises cette ann\u00e9e r\u00e9pondent principalement aux d\u00e9fis li\u00e9s \u00e0 la Auteur: challenge Cliquez ici pour [&hellip;]<\/p>\n","protected":false},"author":1787,"featured_media":0,"comment_status":"closed","ping_status":"closed","sticky":false,"template":"","format":"standard","meta":{"fifu_image_url":"https:\/\/www.challenge.ma\/wp-content\/uploads\/2021\/06\/chakib-alj-e1625049777758.jpg","fifu_image_alt":"PLF 2022. Voici les recommandations du patronat","footnotes":""},"categories":[78,54],"tags":[],"class_list":["post-129689","post","type-post","status-publish","format-standard","hentry","category-economie","category-maroc"],"_links":{"self":[{"href":"https:\/\/linitiative.ca\/International\/wp-json\/wp\/v2\/posts\/129689","targetHints":{"allow":["GET"]}}],"collection":[{"href":"https:\/\/linitiative.ca\/International\/wp-json\/wp\/v2\/posts"}],"about":[{"href":"https:\/\/linitiative.ca\/International\/wp-json\/wp\/v2\/types\/post"}],"author":[{"embeddable":true,"href":"https:\/\/linitiative.ca\/International\/wp-json\/wp\/v2\/users\/1787"}],"replies":[{"embeddable":true,"href":"https:\/\/linitiative.ca\/International\/wp-json\/wp\/v2\/comments?post=129689"}],"version-history":[{"count":0,"href":"https:\/\/linitiative.ca\/International\/wp-json\/wp\/v2\/posts\/129689\/revisions"}],"wp:attachment":[{"href":"https:\/\/linitiative.ca\/International\/wp-json\/wp\/v2\/media?parent=129689"}],"wp:term":[{"taxonomy":"category","embeddable":true,"href":"https:\/\/linitiative.ca\/International\/wp-json\/wp\/v2\/categories?post=129689"},{"taxonomy":"post_tag","embeddable":true,"href":"https:\/\/linitiative.ca\/International\/wp-json\/wp\/v2\/tags?post=129689"}],"curies":[{"name":"wp","href":"https:\/\/api.w.org\/{rel}","templated":true}]}}