{"id":129691,"date":"2021-10-11T15:47:41","date_gmt":"2021-10-11T19:47:41","guid":{"rendered":"https:\/\/linitiative.ca\/International\/gouvernement-premier-grand-oral-reussi-daziz-akhannouch-au-parlement\/"},"modified":"2021-10-11T15:47:41","modified_gmt":"2021-10-11T19:47:41","slug":"gouvernement-premier-grand-oral-reussi-daziz-akhannouch-au-parlement","status":"publish","type":"post","link":"https:\/\/linitiative.ca\/International\/gouvernement-premier-grand-oral-reussi-daziz-akhannouch-au-parlement\/","title":{"rendered":"Gouvernement. Premier grand oral r\u00e9ussi d\u2019Aziz Akhannouch au parlement"},"content":{"rendered":"<div><img decoding=\"async\" width=\"588\" height=\"330\" src=\"https:\/\/linitiative.ca\/International\/wp-content\/uploads\/sites\/23\/2021\/10\/maroc-1.jpeg\" class=\"attachment-post-thumbnail size-post-thumbnail wp-post-image\" alt=\"\" loading=\"lazy\" srcset=\"https:\/\/linitiative.ca\/International\/wp-content\/uploads\/sites\/23\/2021\/10\/maroc-1.jpeg 588w, https:\/\/www.challenge.ma\/wp-content\/uploads\/2021\/10\/maroc-1-300x168.jpeg 300w, https:\/\/www.challenge.ma\/wp-content\/uploads\/2021\/10\/maroc-1-360x202.jpeg 360w\" sizes=\"auto, (max-width: 588px) 100vw, 588px\" itemprop=\"image\">Le Chef de Gouvernement, Aziz Akhannouch, a d\u00e9voil\u00e9, le 11 octobre, les grandes lignes de son programme gouvernemental lors d\u2019une s\u00e9ance pl\u00e9ni\u00e8re tenue par les deux Chambres du parlement. Conform\u00e9ment aux dispositions de l\u2019article 88 de la Constitution, Aziz Akhannouch, le Chef de gouvernement, a pr\u00e9sent\u00e9 le 11 octobre sa<\/div>\n<p>Auteur: challenge<br \/>\n<a href=\"https:\/\/www.challenge.ma\/gouvernement-premier-grand-oral-reussi-daziz-akhannouch-devant-le-parlement-223285\/\">Cliquez ici pour lire l&rsquo;article depuis sa source.<\/a><\/p>\n","protected":false},"excerpt":{"rendered":"<p>Le Chef de Gouvernement, Aziz Akhannouch, a d\u00e9voil\u00e9, le 11 octobre, les grandes lignes de son programme gouvernemental lors d\u2019une s\u00e9ance pl\u00e9ni\u00e8re tenue par les deux Chambres du parlement. Conform\u00e9ment aux dispositions de l\u2019article 88 de la Constitution, Aziz Akhannouch, le Chef de gouvernement, a pr\u00e9sent\u00e9 le 11 octobre sa Auteur: challenge Cliquez ici pour [&hellip;]<\/p>\n","protected":false},"author":1787,"featured_media":0,"comment_status":"closed","ping_status":"closed","sticky":false,"template":"","format":"standard","meta":{"fifu_image_url":"https:\/\/www.challenge.ma\/wp-content\/uploads\/2021\/10\/maroc-1.jpeg","fifu_image_alt":"Gouvernement. Premier grand oral r\u00e9ussi d\u2019Aziz Akhannouch au parlement","footnotes":""},"categories":[78,54],"tags":[],"class_list":["post-129691","post","type-post","status-publish","format-standard","hentry","category-economie","category-maroc"],"_links":{"self":[{"href":"https:\/\/linitiative.ca\/International\/wp-json\/wp\/v2\/posts\/129691","targetHints":{"allow":["GET"]}}],"collection":[{"href":"https:\/\/linitiative.ca\/International\/wp-json\/wp\/v2\/posts"}],"about":[{"href":"https:\/\/linitiative.ca\/International\/wp-json\/wp\/v2\/types\/post"}],"author":[{"embeddable":true,"href":"https:\/\/linitiative.ca\/International\/wp-json\/wp\/v2\/users\/1787"}],"replies":[{"embeddable":true,"href":"https:\/\/linitiative.ca\/International\/wp-json\/wp\/v2\/comments?post=129691"}],"version-history":[{"count":0,"href":"https:\/\/linitiative.ca\/International\/wp-json\/wp\/v2\/posts\/129691\/revisions"}],"wp:attachment":[{"href":"https:\/\/linitiative.ca\/International\/wp-json\/wp\/v2\/media?parent=129691"}],"wp:term":[{"taxonomy":"category","embeddable":true,"href":"https:\/\/linitiative.ca\/International\/wp-json\/wp\/v2\/categories?post=129691"},{"taxonomy":"post_tag","embeddable":true,"href":"https:\/\/linitiative.ca\/International\/wp-json\/wp\/v2\/tags?post=129691"}],"curies":[{"name":"wp","href":"https:\/\/api.w.org\/{rel}","templated":true}]}}