{"id":129693,"date":"2021-10-11T15:59:23","date_gmt":"2021-10-11T19:59:23","guid":{"rendered":"https:\/\/linitiative.ca\/International\/le-premier-pestana-cr7-dafrique-bientot-inaugure-a-marrakech\/"},"modified":"2021-10-11T15:59:23","modified_gmt":"2021-10-11T19:59:23","slug":"le-premier-pestana-cr7-dafrique-bientot-inaugure-a-marrakech","status":"publish","type":"post","link":"https:\/\/linitiative.ca\/International\/le-premier-pestana-cr7-dafrique-bientot-inaugure-a-marrakech\/","title":{"rendered":"Le premier Pestana CR7 d\u2019Afrique bient\u00f4t inaugur\u00e9 \u00e0 Marrakech"},"content":{"rendered":"<div><img decoding=\"async\" width=\"1000\" height=\"563\" src=\"https:\/\/linitiative.ca\/International\/wp-content\/uploads\/sites\/23\/2021\/10\/pestana-cr7-kech.jpg\" class=\"attachment-post-thumbnail size-post-thumbnail wp-post-image\" alt=\"\" loading=\"lazy\" srcset=\"https:\/\/linitiative.ca\/International\/wp-content\/uploads\/sites\/23\/2021\/10\/pestana-cr7-kech.jpg 1000w, https:\/\/www.challenge.ma\/wp-content\/uploads\/2021\/10\/pestana-cr7-kech-300x169.jpg 300w, https:\/\/www.challenge.ma\/wp-content\/uploads\/2021\/10\/pestana-cr7-kech-768x432.jpg 768w, https:\/\/www.challenge.ma\/wp-content\/uploads\/2021\/10\/pestana-cr7-kech-360x203.jpg 360w, https:\/\/www.challenge.ma\/wp-content\/uploads\/2021\/10\/pestana-cr7-kech-750x422.jpg 750w\" sizes=\"auto, (max-width: 1000px) 100vw, 1000px\" itemprop=\"image\">Longtemps attendu sur M-Avenue, la nouvelle avenue de Marrakech, l\u2019h\u00f4tel de Cristiano Ronaldo va bient\u00f4t ouvrir ses portes apr\u00e8s une longue attente. Cristiano Ronaldo et tr\u00e8s probablement sa fid\u00e8le campagne Georgina Rodriguez sont sur le point de d\u00e9barquer au Maroc et plus pr\u00e9cis\u00e9ment \u00e0 Marrakech pour y proc\u00e9der \u00e0 l\u2019inauguration<\/div>\n<p>Auteur: Omar Ben Larbi<br \/>\n<a href=\"https:\/\/www.challenge.ma\/le-premier-pestana-cr7-dafrique-bientot-inaugure-a-marrakech-223289\/\">Cliquez ici pour lire l&rsquo;article depuis sa source.<\/a><\/p>\n","protected":false},"excerpt":{"rendered":"<p>Longtemps attendu sur M-Avenue, la nouvelle avenue de Marrakech, l\u2019h\u00f4tel de Cristiano Ronaldo va bient\u00f4t ouvrir ses portes apr\u00e8s une longue attente. Cristiano Ronaldo et tr\u00e8s probablement sa fid\u00e8le campagne Georgina Rodriguez sont sur le point de d\u00e9barquer au Maroc et plus pr\u00e9cis\u00e9ment \u00e0 Marrakech pour y proc\u00e9der \u00e0 l\u2019inauguration Auteur: Omar Ben Larbi Cliquez [&hellip;]<\/p>\n","protected":false},"author":1787,"featured_media":0,"comment_status":"closed","ping_status":"closed","sticky":false,"template":"","format":"standard","meta":{"fifu_image_url":"https:\/\/www.challenge.ma\/wp-content\/uploads\/2021\/10\/pestana-cr7-kech.jpg","fifu_image_alt":"Le premier Pestana CR7 d\u2019Afrique bient\u00f4t inaugur\u00e9 \u00e0 Marrakech","footnotes":""},"categories":[78,54],"tags":[],"class_list":["post-129693","post","type-post","status-publish","format-standard","hentry","category-economie","category-maroc"],"_links":{"self":[{"href":"https:\/\/linitiative.ca\/International\/wp-json\/wp\/v2\/posts\/129693","targetHints":{"allow":["GET"]}}],"collection":[{"href":"https:\/\/linitiative.ca\/International\/wp-json\/wp\/v2\/posts"}],"about":[{"href":"https:\/\/linitiative.ca\/International\/wp-json\/wp\/v2\/types\/post"}],"author":[{"embeddable":true,"href":"https:\/\/linitiative.ca\/International\/wp-json\/wp\/v2\/users\/1787"}],"replies":[{"embeddable":true,"href":"https:\/\/linitiative.ca\/International\/wp-json\/wp\/v2\/comments?post=129693"}],"version-history":[{"count":0,"href":"https:\/\/linitiative.ca\/International\/wp-json\/wp\/v2\/posts\/129693\/revisions"}],"wp:attachment":[{"href":"https:\/\/linitiative.ca\/International\/wp-json\/wp\/v2\/media?parent=129693"}],"wp:term":[{"taxonomy":"category","embeddable":true,"href":"https:\/\/linitiative.ca\/International\/wp-json\/wp\/v2\/categories?post=129693"},{"taxonomy":"post_tag","embeddable":true,"href":"https:\/\/linitiative.ca\/International\/wp-json\/wp\/v2\/tags?post=129693"}],"curies":[{"name":"wp","href":"https:\/\/api.w.org\/{rel}","templated":true}]}}