{"id":129695,"date":"2021-10-11T17:14:58","date_gmt":"2021-10-11T21:14:58","guid":{"rendered":"https:\/\/linitiative.ca\/International\/maroc-mali-une-relation-historique-profonde-et-un-destin-partenarial-gagnant\/"},"modified":"2021-10-11T17:14:58","modified_gmt":"2021-10-11T21:14:58","slug":"maroc-mali-une-relation-historique-profonde-et-un-destin-partenarial-gagnant","status":"publish","type":"post","link":"https:\/\/linitiative.ca\/International\/maroc-mali-une-relation-historique-profonde-et-un-destin-partenarial-gagnant\/","title":{"rendered":"Maroc-Mali : Une relation historique profonde et un destin partenarial gagnant"},"content":{"rendered":"<div><img decoding=\"async\" width=\"800\" height=\"533\" src=\"https:\/\/linitiative.ca\/International\/wp-content\/uploads\/sites\/23\/2021\/10\/maroc-mali.jpg\" class=\"attachment-post-thumbnail size-post-thumbnail wp-post-image\" alt=\"\" loading=\"lazy\" srcset=\"https:\/\/linitiative.ca\/International\/wp-content\/uploads\/sites\/23\/2021\/10\/maroc-mali.jpg 800w, https:\/\/www.challenge.ma\/wp-content\/uploads\/2021\/10\/maroc-mali-300x200.jpg 300w, https:\/\/www.challenge.ma\/wp-content\/uploads\/2021\/10\/maroc-mali-768x512.jpg 768w, https:\/\/www.challenge.ma\/wp-content\/uploads\/2021\/10\/maroc-mali-360x240.jpg 360w, https:\/\/www.challenge.ma\/wp-content\/uploads\/2021\/10\/maroc-mali-750x500.jpg 750w\" sizes=\"auto, (max-width: 800px) 100vw, 800px\" itemprop=\"image\">Le ministre des Affaires \u00e9trang\u00e8res, de la Coop\u00e9ration africaine et des Marocains r\u00e9sidant \u00e0 l\u2019\u00e9tranger, Nasser Bourita , a re\u00e7u, ce lundi \u00e0 Rabat, son homologue malien, Abdoulaye Diop ministre des Affaires \u00e9trang\u00e8res et de la Coop\u00e9ration Internationale en visite dans le Royaume. A l\u2019issue de la rencontre de travail<\/div>\n<p>Auteur: Omar Ben Larbi<br \/>\n<a href=\"https:\/\/www.challenge.ma\/maroc-mali-une-relation-historique-profonde-et-un-destin-partenarial-gagnant-avec-223304\/\">Cliquez ici pour lire l&rsquo;article depuis sa source.<\/a><\/p>\n","protected":false},"excerpt":{"rendered":"<p>Le ministre des Affaires \u00e9trang\u00e8res, de la Coop\u00e9ration africaine et des Marocains r\u00e9sidant \u00e0 l\u2019\u00e9tranger, Nasser Bourita , a re\u00e7u, ce lundi \u00e0 Rabat, son homologue malien, Abdoulaye Diop ministre des Affaires \u00e9trang\u00e8res et de la Coop\u00e9ration Internationale en visite dans le Royaume. A l\u2019issue de la rencontre de travail Auteur: Omar Ben Larbi Cliquez [&hellip;]<\/p>\n","protected":false},"author":1787,"featured_media":0,"comment_status":"closed","ping_status":"closed","sticky":false,"template":"","format":"standard","meta":{"fifu_image_url":"https:\/\/www.challenge.ma\/wp-content\/uploads\/2021\/10\/maroc-mali.jpg","fifu_image_alt":"Maroc-Mali : Une relation historique profonde et un destin partenarial gagnant","footnotes":""},"categories":[78,54],"tags":[],"class_list":["post-129695","post","type-post","status-publish","format-standard","hentry","category-economie","category-maroc"],"_links":{"self":[{"href":"https:\/\/linitiative.ca\/International\/wp-json\/wp\/v2\/posts\/129695","targetHints":{"allow":["GET"]}}],"collection":[{"href":"https:\/\/linitiative.ca\/International\/wp-json\/wp\/v2\/posts"}],"about":[{"href":"https:\/\/linitiative.ca\/International\/wp-json\/wp\/v2\/types\/post"}],"author":[{"embeddable":true,"href":"https:\/\/linitiative.ca\/International\/wp-json\/wp\/v2\/users\/1787"}],"replies":[{"embeddable":true,"href":"https:\/\/linitiative.ca\/International\/wp-json\/wp\/v2\/comments?post=129695"}],"version-history":[{"count":0,"href":"https:\/\/linitiative.ca\/International\/wp-json\/wp\/v2\/posts\/129695\/revisions"}],"wp:attachment":[{"href":"https:\/\/linitiative.ca\/International\/wp-json\/wp\/v2\/media?parent=129695"}],"wp:term":[{"taxonomy":"category","embeddable":true,"href":"https:\/\/linitiative.ca\/International\/wp-json\/wp\/v2\/categories?post=129695"},{"taxonomy":"post_tag","embeddable":true,"href":"https:\/\/linitiative.ca\/International\/wp-json\/wp\/v2\/tags?post=129695"}],"curies":[{"name":"wp","href":"https:\/\/api.w.org\/{rel}","templated":true}]}}