{"id":129697,"date":"2021-10-11T15:47:44","date_gmt":"2021-10-11T19:47:44","guid":{"rendered":"https:\/\/linitiative.ca\/International\/tunisie-le-snjt-appelle-ses-adherents-a-se-retirer-de-toute-manifestation-ou-ils-subissent-des-agressions\/"},"modified":"2021-10-11T15:47:44","modified_gmt":"2021-10-11T19:47:44","slug":"tunisie-le-snjt-appelle-ses-adherents-a-se-retirer-de-toute-manifestation-ou-ils-subissent-des-agressions","status":"publish","type":"post","link":"https:\/\/linitiative.ca\/International\/tunisie-le-snjt-appelle-ses-adherents-a-se-retirer-de-toute-manifestation-ou-ils-subissent-des-agressions\/","title":{"rendered":"Tunisie \u2013 Le SNJT appelle ses adh\u00e9rents \u00e0 se retirer de toute manifestation o\u00f9 ils subissent des agressions"},"content":{"rendered":"<div>\n<p>Le Syndicat National des Journalistes Tunisiens a publi\u00e9, ce lundi, un communiqu\u00e9 dans lequel il appelle tous ses adh\u00e9rents \u00e0 se retirer de toutes les manifestations o\u00f9 les participants leur sont hostiles, et de ne pas les couvrir dans leurs m\u00e9dias, en dehors des agressions envers les journalistes. Il les a, aussi, invit\u00e9 \u00e0 boycotter [\u2026]<\/p>\n<p>L\u2019article <a href=\"https:\/\/www.tunisienumerique.com\/tunisie-le-snjt-appelle-ses-adherents-a-se-retirer-de-toute-manifestation-ou-ils-subissent-des-agressions\/\">Tunisie \u2013 Le SNJT appelle ses adh\u00e9rents \u00e0 se retirer de toute manifestation o\u00f9 ils subissent des agressions<\/a> est apparu en premier sur <a href=\"https:\/\/www.tunisienumerique.com\/\">Tunisie<\/a>.<\/p>\n<\/div>\n<p>Auteur: LM<br \/>\n<a href=\"https:\/\/www.tunisienumerique.com\/tunisie-le-snjt-appelle-ses-adherents-a-se-retirer-de-toute-manifestation-ou-ils-subissent-des-agressions\/\">Cliquez ici pour lire l&rsquo;article depuis sa source.<\/a><\/p>\n","protected":false},"excerpt":{"rendered":"<p>Le Syndicat National des Journalistes Tunisiens a publi\u00e9, ce lundi, un communiqu\u00e9 dans lequel il appelle tous ses adh\u00e9rents \u00e0 se retirer de toutes les manifestations o\u00f9 les participants leur sont hostiles, et de ne pas les couvrir dans leurs m\u00e9dias, en dehors des agressions envers les journalistes. Il les a, aussi, invit\u00e9 \u00e0 boycotter [&hellip;]<\/p>\n","protected":false},"author":1789,"featured_media":0,"comment_status":"closed","ping_status":"closed","sticky":false,"template":"","format":"standard","meta":{"fifu_image_url":"","fifu_image_alt":"","footnotes":""},"categories":[73,55],"tags":[],"class_list":["post-129697","post","type-post","status-publish","format-standard","hentry","category-actualite","category-tunisie"],"_links":{"self":[{"href":"https:\/\/linitiative.ca\/International\/wp-json\/wp\/v2\/posts\/129697","targetHints":{"allow":["GET"]}}],"collection":[{"href":"https:\/\/linitiative.ca\/International\/wp-json\/wp\/v2\/posts"}],"about":[{"href":"https:\/\/linitiative.ca\/International\/wp-json\/wp\/v2\/types\/post"}],"author":[{"embeddable":true,"href":"https:\/\/linitiative.ca\/International\/wp-json\/wp\/v2\/users\/1789"}],"replies":[{"embeddable":true,"href":"https:\/\/linitiative.ca\/International\/wp-json\/wp\/v2\/comments?post=129697"}],"version-history":[{"count":0,"href":"https:\/\/linitiative.ca\/International\/wp-json\/wp\/v2\/posts\/129697\/revisions"}],"wp:attachment":[{"href":"https:\/\/linitiative.ca\/International\/wp-json\/wp\/v2\/media?parent=129697"}],"wp:term":[{"taxonomy":"category","embeddable":true,"href":"https:\/\/linitiative.ca\/International\/wp-json\/wp\/v2\/categories?post=129697"},{"taxonomy":"post_tag","embeddable":true,"href":"https:\/\/linitiative.ca\/International\/wp-json\/wp\/v2\/tags?post=129697"}],"curies":[{"name":"wp","href":"https:\/\/api.w.org\/{rel}","templated":true}]}}