{"id":129699,"date":"2021-10-11T16:01:17","date_gmt":"2021-10-11T20:01:17","guid":{"rendered":"https:\/\/linitiative.ca\/International\/tunisie-ugtt-entretien-telephonique-entre-noureddine-taboubi-et-la-chef-du-gouvernement\/"},"modified":"2021-10-11T16:01:17","modified_gmt":"2021-10-11T20:01:17","slug":"tunisie-ugtt-entretien-telephonique-entre-noureddine-taboubi-et-la-chef-du-gouvernement","status":"publish","type":"post","link":"https:\/\/linitiative.ca\/International\/tunisie-ugtt-entretien-telephonique-entre-noureddine-taboubi-et-la-chef-du-gouvernement\/","title":{"rendered":"Tunisie-UGTT : Entretien T\u00e9l\u00e9phonique entre Noureddine Taboubi et la Chef du gouvernement"},"content":{"rendered":"<div>\n<p>Le Secr\u00e9taire G\u00e9n\u00e9ral de de l\u2019UGTT, Noureddine Taboubi a pass\u00e9 un appel t\u00e9l\u00e9phonique aujourd\u2019hui 11 octobre 2021, \u00e0 la nouvelle Chef du gouvernement, Najla Bouden pour la f\u00e9liciter. Taboubi lui \u00e9galement affirm\u00e9 que l\u2019UGTT est optimiste quant \u00e0 la constitution d\u2019un gouvernement capable d\u2019examiner les dossiers accumul\u00e9s et aux probl\u00e8mes exacerb\u00e9s pendant la p\u00e9riode exceptionnelle. [\u2026]<\/p>\n<p>L\u2019article <a href=\"https:\/\/www.tunisienumerique.com\/tunisie-ugtt-entretien-telephonique-entre-noureddine-taboubi-et-la-chef-du-gouvernement\/\">Tunisie-UGTT : Entretien T\u00e9l\u00e9phonique entre Noureddine Taboubi et la Chef du gouvernement<\/a> est apparu en premier sur <a href=\"https:\/\/www.tunisienumerique.com\/\">Tunisie<\/a>.<\/p>\n<\/div>\n<p>Auteur: rania ben slimane<br \/>\n<a href=\"https:\/\/www.tunisienumerique.com\/tunisie-ugtt-entretien-telephonique-entre-noureddine-taboubi-et-la-chef-du-gouvernement\/\">Cliquez ici pour lire l&rsquo;article depuis sa source.<\/a><\/p>\n","protected":false},"excerpt":{"rendered":"<p>Le Secr\u00e9taire G\u00e9n\u00e9ral de de l\u2019UGTT, Noureddine Taboubi a pass\u00e9 un appel t\u00e9l\u00e9phonique aujourd\u2019hui 11 octobre 2021, \u00e0 la nouvelle Chef du gouvernement, Najla Bouden pour la f\u00e9liciter. Taboubi lui \u00e9galement affirm\u00e9 que l\u2019UGTT est optimiste quant \u00e0 la constitution d\u2019un gouvernement capable d\u2019examiner les dossiers accumul\u00e9s et aux probl\u00e8mes exacerb\u00e9s pendant la p\u00e9riode exceptionnelle. [&hellip;]<\/p>\n","protected":false},"author":1789,"featured_media":0,"comment_status":"closed","ping_status":"closed","sticky":false,"template":"","format":"standard","meta":{"fifu_image_url":"","fifu_image_alt":"","footnotes":""},"categories":[73,55],"tags":[],"class_list":["post-129699","post","type-post","status-publish","format-standard","hentry","category-actualite","category-tunisie"],"_links":{"self":[{"href":"https:\/\/linitiative.ca\/International\/wp-json\/wp\/v2\/posts\/129699","targetHints":{"allow":["GET"]}}],"collection":[{"href":"https:\/\/linitiative.ca\/International\/wp-json\/wp\/v2\/posts"}],"about":[{"href":"https:\/\/linitiative.ca\/International\/wp-json\/wp\/v2\/types\/post"}],"author":[{"embeddable":true,"href":"https:\/\/linitiative.ca\/International\/wp-json\/wp\/v2\/users\/1789"}],"replies":[{"embeddable":true,"href":"https:\/\/linitiative.ca\/International\/wp-json\/wp\/v2\/comments?post=129699"}],"version-history":[{"count":0,"href":"https:\/\/linitiative.ca\/International\/wp-json\/wp\/v2\/posts\/129699\/revisions"}],"wp:attachment":[{"href":"https:\/\/linitiative.ca\/International\/wp-json\/wp\/v2\/media?parent=129699"}],"wp:term":[{"taxonomy":"category","embeddable":true,"href":"https:\/\/linitiative.ca\/International\/wp-json\/wp\/v2\/categories?post=129699"},{"taxonomy":"post_tag","embeddable":true,"href":"https:\/\/linitiative.ca\/International\/wp-json\/wp\/v2\/tags?post=129699"}],"curies":[{"name":"wp","href":"https:\/\/api.w.org\/{rel}","templated":true}]}}