{"id":129700,"date":"2021-10-11T16:23:35","date_gmt":"2021-10-11T20:23:35","guid":{"rendered":"https:\/\/linitiative.ca\/International\/tunisie-jaouher-ben-mbarek-othmen-larayedh-a-ete-arrete-pour-cette-raison\/"},"modified":"2021-10-11T16:23:35","modified_gmt":"2021-10-11T20:23:35","slug":"tunisie-jaouher-ben-mbarek-othmen-larayedh-a-ete-arrete-pour-cette-raison","status":"publish","type":"post","link":"https:\/\/linitiative.ca\/International\/tunisie-jaouher-ben-mbarek-othmen-larayedh-a-ete-arrete-pour-cette-raison\/","title":{"rendered":"Tunisie-Jaouher Ben Mbarek: \u201cOthmen Larayedh a \u00e9t\u00e9 arr\u00eat\u00e9 pour cette raison \u00bb"},"content":{"rendered":"<div>\n<p>\u00ab Hier, Othmen Larayedh et moi \u00e9tions c\u00f4te \u00e0 c\u00f4te \u00bb, a d\u00e9clar\u00e9 le professeur de droit constitutionnel Jaouher Ben Mbarek dans un post publi\u00e9 sur sa page aujourd\u2019hui 11 octobre 2021. Ajoutant que ce dernier est \u00ab\u00a0un militant pour la libert\u00e9 et vient de payer le prix de l\u2019opinion libre \u00e0 l\u2019\u00e9poque de l\u2019apostasie\u00a0\u00bb. [\u2026]<\/p>\n<p>L\u2019article <a href=\"https:\/\/www.tunisienumerique.com\/tunisie-jaouher-ben-mbarek-othmen-larayedh-a-ete-arrete-pour-cette-raison\/\">Tunisie-Jaouher Ben Mbarek: \u201cOthmen Larayedh a \u00e9t\u00e9 arr\u00eat\u00e9 pour cette raison \u00bb<\/a> est apparu en premier sur <a href=\"https:\/\/www.tunisienumerique.com\/\">Tunisie<\/a>.<\/p>\n<\/div>\n<p>Auteur: rania ben slimane<br \/>\n<a href=\"https:\/\/www.tunisienumerique.com\/tunisie-jaouher-ben-mbarek-othmen-larayedh-a-ete-arrete-pour-cette-raison\/\">Cliquez ici pour lire l&rsquo;article depuis sa source.<\/a><\/p>\n","protected":false},"excerpt":{"rendered":"<p>\u00ab Hier, Othmen Larayedh et moi \u00e9tions c\u00f4te \u00e0 c\u00f4te \u00bb, a d\u00e9clar\u00e9 le professeur de droit constitutionnel Jaouher Ben Mbarek dans un post publi\u00e9 sur sa page aujourd\u2019hui 11 octobre 2021. Ajoutant que ce dernier est \u00ab\u00a0un militant pour la libert\u00e9 et vient de payer le prix de l\u2019opinion libre \u00e0 l\u2019\u00e9poque de l\u2019apostasie\u00a0\u00bb. [&hellip;]<\/p>\n","protected":false},"author":1789,"featured_media":0,"comment_status":"closed","ping_status":"closed","sticky":false,"template":"","format":"standard","meta":{"fifu_image_url":"","fifu_image_alt":"","footnotes":""},"categories":[73,55],"tags":[],"class_list":["post-129700","post","type-post","status-publish","format-standard","hentry","category-actualite","category-tunisie"],"_links":{"self":[{"href":"https:\/\/linitiative.ca\/International\/wp-json\/wp\/v2\/posts\/129700","targetHints":{"allow":["GET"]}}],"collection":[{"href":"https:\/\/linitiative.ca\/International\/wp-json\/wp\/v2\/posts"}],"about":[{"href":"https:\/\/linitiative.ca\/International\/wp-json\/wp\/v2\/types\/post"}],"author":[{"embeddable":true,"href":"https:\/\/linitiative.ca\/International\/wp-json\/wp\/v2\/users\/1789"}],"replies":[{"embeddable":true,"href":"https:\/\/linitiative.ca\/International\/wp-json\/wp\/v2\/comments?post=129700"}],"version-history":[{"count":0,"href":"https:\/\/linitiative.ca\/International\/wp-json\/wp\/v2\/posts\/129700\/revisions"}],"wp:attachment":[{"href":"https:\/\/linitiative.ca\/International\/wp-json\/wp\/v2\/media?parent=129700"}],"wp:term":[{"taxonomy":"category","embeddable":true,"href":"https:\/\/linitiative.ca\/International\/wp-json\/wp\/v2\/categories?post=129700"},{"taxonomy":"post_tag","embeddable":true,"href":"https:\/\/linitiative.ca\/International\/wp-json\/wp\/v2\/tags?post=129700"}],"curies":[{"name":"wp","href":"https:\/\/api.w.org\/{rel}","templated":true}]}}