{"id":129701,"date":"2021-10-11T16:56:48","date_gmt":"2021-10-11T20:56:48","guid":{"rendered":"https:\/\/linitiative.ca\/International\/rentiers-et-rapaces-sappretent-a-rafler-la-mise-de-la-moisson-des-dattes\/"},"modified":"2021-10-11T16:56:48","modified_gmt":"2021-10-11T20:56:48","slug":"rentiers-et-rapaces-sappretent-a-rafler-la-mise-de-la-moisson-des-dattes","status":"publish","type":"post","link":"https:\/\/linitiative.ca\/International\/rentiers-et-rapaces-sappretent-a-rafler-la-mise-de-la-moisson-des-dattes\/","title":{"rendered":"Rentiers et rapaces s\u2019appr\u00eatent \u00e0 rafler la mise de la moisson des dattes"},"content":{"rendered":"<div>\n<p>Le directeur g\u00e9n\u00e9ral du Groupement interprofessionnel des fruits (GIFRUITS), Samir Ben Slimane vient d\u2019annoncer aujourd\u2019hui lundi 11 octobre 2021 que les pr\u00e9visions pour la r\u00e9colte de dattes la saison 2021\/2022 sont de 368,5 mille tonnes, contre 344,6 mille tonnes au cours de la saison pr\u00e9c\u00e9dente, soit une augmentation de 7%. La r\u00e9colte de la vari\u00e9t\u00e9 [\u2026]<\/p>\n<p>L\u2019article <a href=\"https:\/\/www.tunisienumerique.com\/rentiers-et-rapaces-sappretent-a-rafler-la-mise-de-la-moisson-des-dattes\/\">Rentiers et rapaces s\u2019appr\u00eatent \u00e0 rafler la mise de la moisson des dattes<\/a> est apparu en premier sur <a href=\"https:\/\/www.tunisienumerique.com\/\">Tunisie<\/a>.<\/p>\n<\/div>\n<p>Auteur: Mohamed Ben Abderrazek<br \/>\n<a href=\"https:\/\/www.tunisienumerique.com\/rentiers-et-rapaces-sappretent-a-rafler-la-mise-de-la-moisson-des-dattes\/\">Cliquez ici pour lire l&rsquo;article depuis sa source.<\/a><\/p>\n","protected":false},"excerpt":{"rendered":"<p>Le directeur g\u00e9n\u00e9ral du Groupement interprofessionnel des fruits (GIFRUITS), Samir Ben Slimane vient d\u2019annoncer aujourd\u2019hui lundi 11 octobre 2021 que les pr\u00e9visions pour la r\u00e9colte de dattes la saison 2021\/2022 sont de 368,5 mille tonnes, contre 344,6 mille tonnes au cours de la saison pr\u00e9c\u00e9dente, soit une augmentation de 7%. La r\u00e9colte de la vari\u00e9t\u00e9 [&hellip;]<\/p>\n","protected":false},"author":1789,"featured_media":0,"comment_status":"closed","ping_status":"closed","sticky":false,"template":"","format":"standard","meta":{"fifu_image_url":"","fifu_image_alt":"","footnotes":""},"categories":[73,55],"tags":[],"class_list":["post-129701","post","type-post","status-publish","format-standard","hentry","category-actualite","category-tunisie"],"_links":{"self":[{"href":"https:\/\/linitiative.ca\/International\/wp-json\/wp\/v2\/posts\/129701","targetHints":{"allow":["GET"]}}],"collection":[{"href":"https:\/\/linitiative.ca\/International\/wp-json\/wp\/v2\/posts"}],"about":[{"href":"https:\/\/linitiative.ca\/International\/wp-json\/wp\/v2\/types\/post"}],"author":[{"embeddable":true,"href":"https:\/\/linitiative.ca\/International\/wp-json\/wp\/v2\/users\/1789"}],"replies":[{"embeddable":true,"href":"https:\/\/linitiative.ca\/International\/wp-json\/wp\/v2\/comments?post=129701"}],"version-history":[{"count":0,"href":"https:\/\/linitiative.ca\/International\/wp-json\/wp\/v2\/posts\/129701\/revisions"}],"wp:attachment":[{"href":"https:\/\/linitiative.ca\/International\/wp-json\/wp\/v2\/media?parent=129701"}],"wp:term":[{"taxonomy":"category","embeddable":true,"href":"https:\/\/linitiative.ca\/International\/wp-json\/wp\/v2\/categories?post=129701"},{"taxonomy":"post_tag","embeddable":true,"href":"https:\/\/linitiative.ca\/International\/wp-json\/wp\/v2\/tags?post=129701"}],"curies":[{"name":"wp","href":"https:\/\/api.w.org\/{rel}","templated":true}]}}