{"id":129704,"date":"2021-10-11T16:02:11","date_gmt":"2021-10-11T20:02:11","guid":{"rendered":"https:\/\/linitiative.ca\/International\/ouverture-du-proces-thomas-sankara\/"},"modified":"2021-10-11T16:02:11","modified_gmt":"2021-10-11T20:02:11","slug":"ouverture-du-proces-thomas-sankara","status":"publish","type":"post","link":"https:\/\/linitiative.ca\/International\/ouverture-du-proces-thomas-sankara\/","title":{"rendered":"OUVERTURE DU PROCES THOMAS SANKARA  \u00a0"},"content":{"rendered":"<div>\n<p><img decoding=\"async\" width=\"592\" height=\"296\" src=\"https:\/\/linitiative.ca\/International\/wp-content\/uploads\/sites\/23\/2021\/10\/SANK.jpg\" class=\"attachment- size- wp-post-image\" alt=\"\" loading=\"lazy\" style=\"float:left; margin:0 15px 15px 0;\" srcset=\"https:\/\/linitiative.ca\/International\/wp-content\/uploads\/sites\/23\/2021\/10\/SANK.jpg 592w, https:\/\/lepays.bf\/wp-content\/uploads\/2021\/10\/SANK-300x150.jpg 300w\" sizes=\"auto, (max-width: 592px) 100vw, 592px\">Comme annonc\u00e9, l\u2019ouverture du proc\u00e8s de l\u2019assassinat de Thomas Sankara a eu lieu hier, 11 octobre 2021, sous tr\u00e8s haute surveillance s\u00e9curitaire \u00e0 la salle des banquets de Ouaga 2000 transform\u00e9e, pour la circonstance, en tribunal, et qui \u00e9tait bond\u00e9e \u00e0 craquer. Preuve de l\u2019int\u00e9r\u00eat des Burkinab\u00e8 dont les attentes restent fortes par rapport \u00e0 \u2026<\/p>\n<p>L\u2019article <a rel=\"nofollow\" href=\"https:\/\/lepays.bf\/ouverture-du-proces-thomas-sankara\/\">OUVERTURE DU PROCES THOMAS SANKARA  \u00a0<\/a> est apparu en premier sur <a rel=\"nofollow\" href=\"https:\/\/lepays.bf\/\">Editions Le Pays<\/a>.<\/p>\n<\/div>\n<p>Auteur: Editions LEPAYS<br \/>\n<a href=\"https:\/\/lepays.bf\/ouverture-du-proces-thomas-sankara\/\">Cliquez ici pour lire l&rsquo;article depuis sa source.<\/a><\/p>\n","protected":false},"excerpt":{"rendered":"<p>Comme annonc\u00e9, l\u2019ouverture du proc\u00e8s de l\u2019assassinat de Thomas Sankara a eu lieu hier, 11 octobre 2021, sous tr\u00e8s haute surveillance s\u00e9curitaire \u00e0 la salle des banquets de Ouaga 2000 transform\u00e9e, pour la circonstance, en tribunal, et qui \u00e9tait bond\u00e9e \u00e0 craquer. Preuve de l\u2019int\u00e9r\u00eat des Burkinab\u00e8 dont les attentes restent fortes par rapport \u00e0 [&hellip;]<\/p>\n","protected":false},"author":1813,"featured_media":0,"comment_status":"closed","ping_status":"closed","sticky":false,"template":"","format":"standard","meta":{"fifu_image_url":"https:\/\/lepays.bf\/wp-content\/uploads\/2021\/10\/SANK.jpg","fifu_image_alt":"OUVERTURE DU PROCES THOMAS SANKARA  \u00a0","footnotes":""},"categories":[73,81],"tags":[],"class_list":["post-129704","post","type-post","status-publish","format-standard","hentry","category-actualite","category-burkina-faso"],"_links":{"self":[{"href":"https:\/\/linitiative.ca\/International\/wp-json\/wp\/v2\/posts\/129704","targetHints":{"allow":["GET"]}}],"collection":[{"href":"https:\/\/linitiative.ca\/International\/wp-json\/wp\/v2\/posts"}],"about":[{"href":"https:\/\/linitiative.ca\/International\/wp-json\/wp\/v2\/types\/post"}],"author":[{"embeddable":true,"href":"https:\/\/linitiative.ca\/International\/wp-json\/wp\/v2\/users\/1813"}],"replies":[{"embeddable":true,"href":"https:\/\/linitiative.ca\/International\/wp-json\/wp\/v2\/comments?post=129704"}],"version-history":[{"count":0,"href":"https:\/\/linitiative.ca\/International\/wp-json\/wp\/v2\/posts\/129704\/revisions"}],"wp:attachment":[{"href":"https:\/\/linitiative.ca\/International\/wp-json\/wp\/v2\/media?parent=129704"}],"wp:term":[{"taxonomy":"category","embeddable":true,"href":"https:\/\/linitiative.ca\/International\/wp-json\/wp\/v2\/categories?post=129704"},{"taxonomy":"post_tag","embeddable":true,"href":"https:\/\/linitiative.ca\/International\/wp-json\/wp\/v2\/tags?post=129704"}],"curies":[{"name":"wp","href":"https:\/\/api.w.org\/{rel}","templated":true}]}}