{"id":129707,"date":"2021-10-11T13:45:17","date_gmt":"2021-10-11T17:45:17","guid":{"rendered":"https:\/\/linitiative.ca\/International\/cameroun-le-ministre-nganou-djoumessi-dement-le-retrait-des-financements-de-la-bad-dans-les-projets-routiers\/"},"modified":"2021-10-11T13:45:17","modified_gmt":"2021-10-11T17:45:17","slug":"cameroun-le-ministre-nganou-djoumessi-dement-le-retrait-des-financements-de-la-bad-dans-les-projets-routiers","status":"publish","type":"post","link":"https:\/\/linitiative.ca\/International\/cameroun-le-ministre-nganou-djoumessi-dement-le-retrait-des-financements-de-la-bad-dans-les-projets-routiers\/","title":{"rendered":"Cameroun : le ministre Nganou Djoumessi d\u00e9ment le retrait des financements de la BAD dans les projets routiers"},"content":{"rendered":"<div>\n<p><img loading=\"lazy\" decoding=\"async\" width=\"2048\" height=\"1360\" src=\"https:\/\/linitiative.ca\/International\/wp-content\/uploads\/sites\/23\/2021\/10\/Nganou-Djoumessi-Emmanuel.jpg\" class=\"attachment-post-thumbnail size-post-thumbnail wp-post-image\" alt=\"\" srcset=\"https:\/\/linitiative.ca\/International\/wp-content\/uploads\/sites\/23\/2021\/10\/Nganou-Djoumessi-Emmanuel.jpg 2048w, https:\/\/www.journalducameroun.com\/wp-content\/uploads\/2019\/01\/Nganou-Djoumessi-Emmanuel-300x199.jpg 300w, https:\/\/www.journalducameroun.com\/wp-content\/uploads\/2019\/01\/Nganou-Djoumessi-Emmanuel-768x510.jpg 768w, https:\/\/www.journalducameroun.com\/wp-content\/uploads\/2019\/01\/Nganou-Djoumessi-Emmanuel-1024x680.jpg 1024w, https:\/\/www.journalducameroun.com\/wp-content\/uploads\/2019\/01\/Nganou-Djoumessi-Emmanuel-663x440.jpg 663w, https:\/\/www.journalducameroun.com\/wp-content\/uploads\/2019\/01\/Nganou-Djoumessi-Emmanuel-600x398.jpg 600w\" sizes=\"auto, (max-width: 2048px) 100vw, 2048px\"><\/p>\n<h5 style=\"text-align: justify;\">C&rsquo;est ce qui ressort d&rsquo;un communiqu\u00e9 publi\u00e9 ce 11 octobre 2021, par cette administration.<\/h5>\n<div id=\"m_7247649244045917685yMail_cursorElementTracker_1633972557066\" style=\"text-align: justify;\">Tout serait parti d\u2019une correspondance de la<strong> Banque africaine de D\u00e9veloppement<\/strong> en rapport avec les points \u00e0 l\u2019ordre du jour d\u2019une concertation <strong>MINTP-BAD<\/strong> programm\u00e9e le 04 octobre 2021, o\u00f9 des pr\u00e9occupations li\u00e9es au processus d\u2019attribution de certains march\u00e9s ont \u00e9t\u00e9 \u00e9voqu\u00e9s.<\/div>\n<div id=\"m_7247649244045917685yMail_cursorElementTracker_1633972495289\" style=\"text-align: justify;\"><\/div>\n<div id=\"m_7247649244045917685yMail_cursorElementTracker_1633972501236\" style=\"text-align: justify;\"><strong>Des projets concern\u00e9s\u00a0<\/strong><\/div>\n<div id=\"m_7247649244045917685ymail_android_signature\" style=\"text-align: justify;\"><\/div>\n<div id=\"m_7247649244045917685yMail_cursorElementTracker_1633972287259\" style=\"text-align: justify;\">Sur <strong>Ntui-Mankim<\/strong> (97,7km) l\u2019entreprise a entrepris des descentes sur le terrain dans le but d\u2019assurer le traitement des bourbiers et doit lever des r\u00e9serves li\u00e9es \u00e0 son personnel cl\u00e9, notamment le responsable des travaux dont les qualifications ne sont pas conformes et des engins de terrassement. Parall\u00e8lement, il y a a eu un recours d\u2019un soumissionnaire en examen, qui impose l\u2019\u00e9vacuation des pr\u00e9occupations pos\u00e9es par ce dernier pour la poursuite sereine du projet.<\/div>\n<div id=\"m_7247649244045917685yMail_cursorElementTracker_1633972288470\" style=\"text-align: justify;\"><\/div>\n<div id=\"m_7247649244045917685yMail_cursorElementTracker_1633972297104\" style=\"text-align: justify;\">S\u2019agissant de l\u2019attribution du march\u00e9 de construction de la <strong>route Bogo-Pouss<\/strong> (63,17km) dans la r\u00e9gion de l\u2019Extr\u00eame-nord, le Ministre des Travaux publics, <strong>Emmanuel Nganou Djoumessi<\/strong>,\u00a0 a soulign\u00e9 qu\u2019une supercherie de l\u2019entreprise en lice a \u00e9t\u00e9 d\u00e9couverte apr\u00e8s v\u00e9rifications des instances comp\u00e9tentes; d\u2019o\u00f9 le retard accus\u00e9 dans le processus.<\/div>\n<div id=\"m_7247649244045917685yMail_cursorElementTracker_1633972298251\" style=\"text-align: justify;\"><\/div>\n<div id=\"m_7247649244045917685yMail_cursorElementTracker_1633972298506\" style=\"text-align: justify;\">\u00a0Bien plus, des mesures sont en cours pour une attribution conforme aux exigences \u00e0 la fois de l\u2019Etat du Cameroun et de la Banque africaine de D\u00e9veloppement.<\/div>\n<div id=\"m_7247649244045917685yMail_cursorElementTracker_1633972304302\" style=\"text-align: justify;\"><\/div>\n<div id=\"m_7247649244045917685ymail_android_signature\" style=\"text-align: justify;\">Pour ce qui est de la Nationale 11, Ring Road dans la r\u00e9gion du Nord-ouest, l\u2019infructuosit\u00e9 a \u00e9t\u00e9 prononc\u00e9e sur la section <strong>Kumbo-Nkambe-Misaje<\/strong> en raison des co\u00fbts \u00e9lev\u00e9s de l\u2019offre de la seule entreprise ayant soumissionn\u00e9. Pour les autres sections, les proc\u00e9dures de recrutement du partenaire devant assurer la ma\u00eetrise d\u2019\u0153uvre compl\u00e8te du projet sont en cours.<\/div>\n<div id=\"m_7247649244045917685ymail_android_signature\" style=\"text-align: justify;\"><\/div>\n<div id=\"m_7247649244045917685yMail_cursorElementTracker_1633972169471\" style=\"text-align: justify;\">Du reste, le Ministre des Travaux publics a soulign\u00e9 que l\u2019on ne suspend pas des financements ex-nihilo. Il existe des proc\u00e9dures qui peuvent conduire \u00e0 la suspension, ou au report d\u2019un financement.<\/div>\n<p>Cet article <a rel=\"nofollow\" href=\"https:\/\/www.journalducameroun.com\/cameroun-le-ministre-nganou-djoumessi-dement-le-retrait-des-financements-de-la-bad-dans-les-projets-routiers\/\">Cameroun : le ministre Nganou Djoumessi d\u00e9ment le retrait des financements de la BAD dans les projets routiers<\/a> est apparu en premier sur <a rel=\"nofollow\" href=\"https:\/\/www.journalducameroun.com\/\">Journal du Cameroun<\/a>.<\/p>\n<\/div>\n<p>Auteur: Christian DJIMADEU<br \/>\n<a href=\"https:\/\/www.journalducameroun.com\/cameroun-le-ministre-nganou-djoumessi-dement-le-retrait-des-financements-de-la-bad-dans-les-projets-routiers\/\">Cliquez ici pour lire l&rsquo;article depuis sa source.<\/a><\/p>\n","protected":false},"excerpt":{"rendered":"<p>C&rsquo;est ce qui ressort d&rsquo;un communiqu\u00e9 publi\u00e9 ce 11 octobre 2021, par cette administration. Tout serait parti d\u2019une correspondance de la Banque africaine de D\u00e9veloppement en rapport avec les points \u00e0 l\u2019ordre du jour d\u2019une concertation MINTP-BAD programm\u00e9e le 04 octobre 2021, o\u00f9 des pr\u00e9occupations li\u00e9es au processus d\u2019attribution de certains march\u00e9s ont \u00e9t\u00e9 \u00e9voqu\u00e9s. [&hellip;]<\/p>\n","protected":false},"author":1965,"featured_media":0,"comment_status":"closed","ping_status":"closed","sticky":false,"template":"","format":"standard","meta":{"fifu_image_url":"https:\/\/www.journalducameroun.com\/wp-content\/uploads\/2019\/01\/Nganou-Djoumessi-Emmanuel.jpg","fifu_image_alt":"Cameroun : le ministre Nganou Djoumessi d\u00e9ment le retrait des financements de la BAD dans les projets routiers","footnotes":""},"categories":[73,82],"tags":[],"class_list":["post-129707","post","type-post","status-publish","format-standard","hentry","category-actualite","category-cameroun"],"_links":{"self":[{"href":"https:\/\/linitiative.ca\/International\/wp-json\/wp\/v2\/posts\/129707","targetHints":{"allow":["GET"]}}],"collection":[{"href":"https:\/\/linitiative.ca\/International\/wp-json\/wp\/v2\/posts"}],"about":[{"href":"https:\/\/linitiative.ca\/International\/wp-json\/wp\/v2\/types\/post"}],"author":[{"embeddable":true,"href":"https:\/\/linitiative.ca\/International\/wp-json\/wp\/v2\/users\/1965"}],"replies":[{"embeddable":true,"href":"https:\/\/linitiative.ca\/International\/wp-json\/wp\/v2\/comments?post=129707"}],"version-history":[{"count":0,"href":"https:\/\/linitiative.ca\/International\/wp-json\/wp\/v2\/posts\/129707\/revisions"}],"wp:attachment":[{"href":"https:\/\/linitiative.ca\/International\/wp-json\/wp\/v2\/media?parent=129707"}],"wp:term":[{"taxonomy":"category","embeddable":true,"href":"https:\/\/linitiative.ca\/International\/wp-json\/wp\/v2\/categories?post=129707"},{"taxonomy":"post_tag","embeddable":true,"href":"https:\/\/linitiative.ca\/International\/wp-json\/wp\/v2\/tags?post=129707"}],"curies":[{"name":"wp","href":"https:\/\/api.w.org\/{rel}","templated":true}]}}