{"id":129709,"date":"2021-10-11T14:18:01","date_gmt":"2021-10-11T18:18:01","guid":{"rendered":"https:\/\/linitiative.ca\/International\/tunisie-nomination-dun-nouveau-gouvernement\/"},"modified":"2021-10-11T14:18:01","modified_gmt":"2021-10-11T18:18:01","slug":"tunisie-nomination-dun-nouveau-gouvernement","status":"publish","type":"post","link":"https:\/\/linitiative.ca\/International\/tunisie-nomination-dun-nouveau-gouvernement\/","title":{"rendered":"Tunisie : Nomination d\u2019un nouveau gouvernement"},"content":{"rendered":"<div>\n<p><img loading=\"lazy\" decoding=\"async\" width=\"1280\" height=\"764\" src=\"https:\/\/linitiative.ca\/International\/wp-content\/uploads\/sites\/23\/2021\/10\/16339762811830.jpg\" class=\"attachment-post-thumbnail size-post-thumbnail wp-post-image\" alt=\"\" srcset=\"https:\/\/linitiative.ca\/International\/wp-content\/uploads\/sites\/23\/2021\/10\/16339762811830.jpg 1280w, https:\/\/www.journalducameroun.com\/wp-content\/uploads\/2021\/10\/16339762811830-300x179.jpg 300w, https:\/\/www.journalducameroun.com\/wp-content\/uploads\/2021\/10\/16339762811830-768x458.jpg 768w, https:\/\/www.journalducameroun.com\/wp-content\/uploads\/2021\/10\/16339762811830-1024x611.jpg 1024w, https:\/\/www.journalducameroun.com\/wp-content\/uploads\/2021\/10\/16339762811830-737x440.jpg 737w, https:\/\/www.journalducameroun.com\/wp-content\/uploads\/2021\/10\/16339762811830-600x358.jpg 600w\" sizes=\"auto, (max-width: 1280px) 100vw, 1280px\"><\/p>\n<p>La Tunisie s&rsquo;est dot\u00e9e d&rsquo;un nouveau gouvernement de 24 ministres et un secr\u00e9taire d&rsquo;Etat dont 8 femmes.Plus de deux mois apr\u00e8s le limogeage du gouvernement tunisien, la nouvelle cheffe de l&rsquo;ex\u00e9cutif tunisien, Najla Bouden a d\u00e9voil\u00e9, lundi, la liste de sa nouvelle \u00e9quipe gouvernementale.<\/p>\n<p>Le nouveau gouvernement est compos\u00e9 de 24 ministres et un secr\u00e9taire d&rsquo;Etat, parmi lesquelles 8 femmes.<\/p>\n<p>Dans un discours lors de la prestation de serment, la cheffe de l&rsquo;ex\u00e9cutif tunisien a affirm\u00e9 que \u00ab la lutte contre la corruption sera le plus important objectif \u00bb.<\/p>\n<p>Seuls deux ministres dans le nouveau gouvernement, ceux des affaires \u00e9trang\u00e8res, Othman Jarandi, et de l&rsquo;\u00e9ducation, Fethi Sellaouti, ont \u00e9t\u00e9 reconduits dans leurs postes. Le portefeuille de l&rsquo;int\u00e9rieur a \u00e9t\u00e9 confi\u00e9 \u00e0 Taoufik Charfeddine, un avocat proche de M. Saied qui avait occup\u00e9 ce poste en 2020, avant d&rsquo;\u00eatre limog\u00e9 par l&rsquo;ex-premier ministre Hichem Mechichi.<\/p>\n<p>L&rsquo;annonce du nouveau gouvernement survient au lendemain d&rsquo;une nouvelle manifestation \u00e0 Tunis contre les mesures d&rsquo;exception d\u00e9cid\u00e9es par M. Sa\u00efed, \u00e0 laquelle ont particip\u00e9 au moins 6.000 personnes dans la capitale.<\/p>\n<p>Apr\u00e8s deux mois d&rsquo;incertitudes, M. Sa\u00efed a promulgu\u00e9 le 22 septembre un d\u00e9cret officialisant la suspension de plusieurs chapitres de la Constitution et instaurant des \u00ab mesures exceptionnelles \u00bb, cens\u00e9es \u00eatre provisoires, le temps de mener des r\u00e9formes politiques, dont des amendements \u00e0 la Constitution de 2014.<\/p>\n<p>Lundi, le pr\u00e9sident tunisien a r\u00e9affirm\u00e9 devant le nouveau gouvernement que les mesures qu&rsquo;il a prises depuis juillet visaient \u00e0 \u00ab sauver l&rsquo;Etat des griffes de ceux qui le guettent, \u00e0 la maison comme \u00e0 l&rsquo;\u00e9tranger, et de ceux qui voient leur fonction comme un butin ou un moyen de piller les fonds publics \u00bb.<\/p>\n<p>\u00ab Ils ont all\u00e8grement pill\u00e9 l&rsquo;argent du peuple \u00bb, a-t-il dit, engageant \u00e0 jeter \u00ab dans les prochains jours \u00bb les bases \u00ab d&rsquo;un dialogue national \u00bb destin\u00e9 \u00e0 sortir le pays de la crise.<\/p>\n<p>Voici la composition du nouveau gouvernement:<\/p>\n<p>Ministre de la Justice: Leila Jaffel<\/p>\n<p>Ministre de la D\u00e9fense: Imed Memmiche<\/p>\n<p>Ministre de l&rsquo;Int\u00e9rieur: Taoufik Charfeddine<\/p>\n<p>Ministre des Affaires \u00e9trang\u00e8res, de la Migration et des Tunisiens \u00e0 l&rsquo;\u00e9tranger: Othman Jerandi<\/p>\n<p>Ministre des Finances: Sihem Boughdiri Nemsia<\/p>\n<p>Ministre de l&rsquo;Economie et du Plan: Samir Sa\u00efed<\/p>\n<p>Ministre des Affaires sociales: Malek Ezzahi<\/p>\n<p>Ministre de l&rsquo;Industrie, des Mines et de l&rsquo;Energie: Neila Nouira Gonji<\/p>\n<p>Ministre du Commerce et du D\u00e9veloppement des exportations: Fadhila Rabhi Ben Hamza<\/p>\n<p>Ministre de l&rsquo;Agriculture, des Ressources hydrauliques et de la P\u00eache: Mahmoud Elyes Hamza<\/p>\n<p>Ministre de la Sant\u00e9: Ali Mrabet<\/p>\n<p>Ministre de l&rsquo;Education: Fethi Sellaouti<\/p>\n<p>Ministre de l&rsquo;Enseignement sup\u00e9rieur et de la Recherche scientifique: Moncef Boukthir<\/p>\n<p>Ministre de la Jeunesse et du Sport: Kamel Deguiche<\/p>\n<p>Ministre des Technologies de la communication: Nizar Ben N\u00e9ji<\/p>\n<p>Ministre des Transports: Rabii Majidi<\/p>\n<p>Ministre de l&rsquo;Equipement et de l&rsquo;Habitat: Sarra Zaafrani Zenzeri<\/p>\n<p>Ministre des Domaines de l&rsquo;Etat et des Affaires fonci\u00e8res: Mohamed Rekik<\/p>\n<p>Ministre de l&rsquo;Environnement: Le\u00efla Chikhaoui<\/p>\n<p>Ministre du Tourisme: Mohamed Moez Belhassine<\/p>\n<p>Ministre des Affaires religieuses: Brahim Cha\u00efbi<\/p>\n<p>Ministre de la Famille, de la Femme, de l&rsquo;Enfance et des Personnes \u00e2g\u00e9es: Amel Belhaj<\/p>\n<p>Ministre de la Culture: Hayet Ketat Guermazi<\/p>\n<p>Ministre de l&rsquo;Emploi et de la Formation professionnelle: Nasreddine Nsibi<\/p>\n<p>Secr\u00e9taire d&rsquo;Etat aupr\u00e8s du Ministre des Affaires \u00e9trang\u00e8res, de la Migration et des Tunisiens \u00e0 l&rsquo;\u00e9tranger: A\u00efda Hamdi<\/p>\n<p>Cet article <a rel=\"nofollow\" href=\"https:\/\/www.journalducameroun.com\/tunisie-nomination-dun-nouveau-gouvernement\/\">Tunisie : Nomination d\u2019un nouveau gouvernement<\/a> est apparu en premier sur <a rel=\"nofollow\" href=\"https:\/\/www.journalducameroun.com\/\">Journal du Cameroun<\/a>.<\/p>\n<\/div>\n<p>Auteur: APA News<br \/>\n<a href=\"https:\/\/www.journalducameroun.com\/tunisie-nomination-dun-nouveau-gouvernement\/\">Cliquez ici pour lire l&rsquo;article depuis sa source.<\/a><\/p>\n","protected":false},"excerpt":{"rendered":"<p>La Tunisie s&rsquo;est dot\u00e9e d&rsquo;un nouveau gouvernement de 24 ministres et un secr\u00e9taire d&rsquo;Etat dont 8 femmes.Plus de deux mois apr\u00e8s le limogeage du gouvernement tunisien, la nouvelle cheffe de l&rsquo;ex\u00e9cutif tunisien, Najla Bouden a d\u00e9voil\u00e9, lundi, la liste de sa nouvelle \u00e9quipe gouvernementale. Le nouveau gouvernement est compos\u00e9 de 24 ministres et un secr\u00e9taire [&hellip;]<\/p>\n","protected":false},"author":1965,"featured_media":0,"comment_status":"closed","ping_status":"closed","sticky":false,"template":"","format":"standard","meta":{"fifu_image_url":"https:\/\/www.journalducameroun.com\/wp-content\/uploads\/2021\/10\/16339762811830.jpg","fifu_image_alt":"Tunisie : Nomination d\u2019un nouveau gouvernement","footnotes":""},"categories":[73,82],"tags":[],"class_list":["post-129709","post","type-post","status-publish","format-standard","hentry","category-actualite","category-cameroun"],"_links":{"self":[{"href":"https:\/\/linitiative.ca\/International\/wp-json\/wp\/v2\/posts\/129709","targetHints":{"allow":["GET"]}}],"collection":[{"href":"https:\/\/linitiative.ca\/International\/wp-json\/wp\/v2\/posts"}],"about":[{"href":"https:\/\/linitiative.ca\/International\/wp-json\/wp\/v2\/types\/post"}],"author":[{"embeddable":true,"href":"https:\/\/linitiative.ca\/International\/wp-json\/wp\/v2\/users\/1965"}],"replies":[{"embeddable":true,"href":"https:\/\/linitiative.ca\/International\/wp-json\/wp\/v2\/comments?post=129709"}],"version-history":[{"count":0,"href":"https:\/\/linitiative.ca\/International\/wp-json\/wp\/v2\/posts\/129709\/revisions"}],"wp:attachment":[{"href":"https:\/\/linitiative.ca\/International\/wp-json\/wp\/v2\/media?parent=129709"}],"wp:term":[{"taxonomy":"category","embeddable":true,"href":"https:\/\/linitiative.ca\/International\/wp-json\/wp\/v2\/categories?post=129709"},{"taxonomy":"post_tag","embeddable":true,"href":"https:\/\/linitiative.ca\/International\/wp-json\/wp\/v2\/tags?post=129709"}],"curies":[{"name":"wp","href":"https:\/\/api.w.org\/{rel}","templated":true}]}}