{"id":129713,"date":"2021-10-11T15:18:02","date_gmt":"2021-10-11T19:18:02","guid":{"rendered":"https:\/\/linitiative.ca\/International\/lagos-accueille-des-consultations-sur-la-migration\/"},"modified":"2021-10-11T15:18:02","modified_gmt":"2021-10-11T19:18:02","slug":"lagos-accueille-des-consultations-sur-la-migration","status":"publish","type":"post","link":"https:\/\/linitiative.ca\/International\/lagos-accueille-des-consultations-sur-la-migration\/","title":{"rendered":"Lagos accueille des consultations sur la migration"},"content":{"rendered":"<div>\n<p><img loading=\"lazy\" decoding=\"async\" width=\"225\" height=\"225\" src=\"https:\/\/linitiative.ca\/International\/wp-content\/uploads\/sites\/23\/2021\/10\/16339798823334.jpg\" class=\"attachment-post-thumbnail size-post-thumbnail wp-post-image\" alt=\"\" srcset=\"https:\/\/linitiative.ca\/International\/wp-content\/uploads\/sites\/23\/2021\/10\/16339798823334.jpg 225w, https:\/\/www.journalducameroun.com\/wp-content\/uploads\/2021\/10\/16339798823334-150x150.jpg 150w, https:\/\/www.journalducameroun.com\/wp-content\/uploads\/2021\/10\/16339798823334-60x60.jpg 60w, https:\/\/www.journalducameroun.com\/wp-content\/uploads\/2021\/10\/16339798823334-100x100.jpg 100w\" sizes=\"auto, (max-width: 225px) 100vw, 225px\"><\/p>\n<p>La r\u00e9union est organis\u00e9e par la Commission de la CEDEAO.La Communaut\u00e9 \u00e9conomique des \u00c9tats de l&rsquo;Afrique de l&rsquo;Ouest \u00a0(Cedea) est en collaboration avec le Forum international d&rsquo;examen des migrations 2022, et b\u00e9n\u00e9ficie du soutien de la Commission de l&rsquo;Union africaine, du R\u00e9seau r\u00e9gional des Nations Unies sur les migrations pour l&rsquo;Afrique de l&rsquo;Ouest et du centre et de l&rsquo;Organisation internationale pour les migrations (OIM).\u00a0<\/p>\n<p>Les consultations qui se tiendront du 12 au 14 octobre 2021 \u00e0 Abuja, au Nigeria, visent \u00e0 permettre aux \u00c9tats membres de la Cedeao de s&rsquo;assurer que leur position commune sera bien prise en compte au niveau mondial.\u00a0<\/p>\n<p>Durant le s\u00e9minaire, les participants feront une br\u00e8ve vue d&rsquo;ensemble des processus de r\u00e9vision du Pacte mondial pour les migrations (GCM, sigle anglais), \u00a0des progr\u00e8s r\u00e9alis\u00e9s et les d\u00e9fis sur la mise en \u0153uvre dudit pacte en Afrique de l&rsquo;Ouest.<\/p>\n<p>Cet article <a rel=\"nofollow\" href=\"https:\/\/www.journalducameroun.com\/lagos-accueille-des-consultations-sur-la-migration\/\">Lagos accueille des consultations sur la migration<\/a> est apparu en premier sur <a rel=\"nofollow\" href=\"https:\/\/www.journalducameroun.com\/\">Journal du Cameroun<\/a>.<\/p>\n<\/div>\n<p>Auteur: APA News<br \/>\n<a href=\"https:\/\/www.journalducameroun.com\/lagos-accueille-des-consultations-sur-la-migration\/\">Cliquez ici pour lire l&rsquo;article depuis sa source.<\/a><\/p>\n","protected":false},"excerpt":{"rendered":"<p>La r\u00e9union est organis\u00e9e par la Commission de la CEDEAO.La Communaut\u00e9 \u00e9conomique des \u00c9tats de l&rsquo;Afrique de l&rsquo;Ouest \u00a0(Cedea) est en collaboration avec le Forum international d&rsquo;examen des migrations 2022, et b\u00e9n\u00e9ficie du soutien de la Commission de l&rsquo;Union africaine, du R\u00e9seau r\u00e9gional des Nations Unies sur les migrations pour l&rsquo;Afrique de l&rsquo;Ouest et du [&hellip;]<\/p>\n","protected":false},"author":1965,"featured_media":0,"comment_status":"closed","ping_status":"closed","sticky":false,"template":"","format":"standard","meta":{"fifu_image_url":"https:\/\/www.journalducameroun.com\/wp-content\/uploads\/2021\/10\/16339798823334.jpg","fifu_image_alt":"Lagos accueille des consultations sur la migration","footnotes":""},"categories":[73,82],"tags":[],"class_list":["post-129713","post","type-post","status-publish","format-standard","hentry","category-actualite","category-cameroun"],"_links":{"self":[{"href":"https:\/\/linitiative.ca\/International\/wp-json\/wp\/v2\/posts\/129713","targetHints":{"allow":["GET"]}}],"collection":[{"href":"https:\/\/linitiative.ca\/International\/wp-json\/wp\/v2\/posts"}],"about":[{"href":"https:\/\/linitiative.ca\/International\/wp-json\/wp\/v2\/types\/post"}],"author":[{"embeddable":true,"href":"https:\/\/linitiative.ca\/International\/wp-json\/wp\/v2\/users\/1965"}],"replies":[{"embeddable":true,"href":"https:\/\/linitiative.ca\/International\/wp-json\/wp\/v2\/comments?post=129713"}],"version-history":[{"count":0,"href":"https:\/\/linitiative.ca\/International\/wp-json\/wp\/v2\/posts\/129713\/revisions"}],"wp:attachment":[{"href":"https:\/\/linitiative.ca\/International\/wp-json\/wp\/v2\/media?parent=129713"}],"wp:term":[{"taxonomy":"category","embeddable":true,"href":"https:\/\/linitiative.ca\/International\/wp-json\/wp\/v2\/categories?post=129713"},{"taxonomy":"post_tag","embeddable":true,"href":"https:\/\/linitiative.ca\/International\/wp-json\/wp\/v2\/tags?post=129713"}],"curies":[{"name":"wp","href":"https:\/\/api.w.org\/{rel}","templated":true}]}}