{"id":129715,"date":"2021-10-11T17:18:01","date_gmt":"2021-10-11T21:18:01","guid":{"rendered":"https:\/\/linitiative.ca\/International\/le-mali-engage-a-retrouver-et-traduire-en-justice-les-assassins-des-camionneurs-marocains\/"},"modified":"2021-10-11T17:18:01","modified_gmt":"2021-10-11T21:18:01","slug":"le-mali-engage-a-retrouver-et-traduire-en-justice-les-assassins-des-camionneurs-marocains","status":"publish","type":"post","link":"https:\/\/linitiative.ca\/International\/le-mali-engage-a-retrouver-et-traduire-en-justice-les-assassins-des-camionneurs-marocains\/","title":{"rendered":"Le Mali engag\u00e9 \u00e0 retrouver et traduire en justice les assassins des camionneurs marocains"},"content":{"rendered":"<div>\n<p><img loading=\"lazy\" decoding=\"async\" width=\"1599\" height=\"1066\" src=\"https:\/\/linitiative.ca\/International\/wp-content\/uploads\/sites\/23\/2021\/10\/16339870824638.jpg\" class=\"attachment-post-thumbnail size-post-thumbnail wp-post-image\" alt=\"\" srcset=\"https:\/\/linitiative.ca\/International\/wp-content\/uploads\/sites\/23\/2021\/10\/16339870824638.jpg 1599w, https:\/\/www.journalducameroun.com\/wp-content\/uploads\/2021\/10\/16339870824638-300x200.jpg 300w, https:\/\/www.journalducameroun.com\/wp-content\/uploads\/2021\/10\/16339870824638-768x512.jpg 768w, https:\/\/www.journalducameroun.com\/wp-content\/uploads\/2021\/10\/16339870824638-1024x683.jpg 1024w, https:\/\/www.journalducameroun.com\/wp-content\/uploads\/2021\/10\/16339870824638-660x440.jpg 660w, https:\/\/www.journalducameroun.com\/wp-content\/uploads\/2021\/10\/16339870824638-600x400.jpg 600w\" sizes=\"auto, (max-width: 1599px) 100vw, 1599px\"><\/p>\n<p>Le ministre marocain des Affaires \u00e9trang\u00e8res, Nasser Bourita, a re\u00e7u, lundi \u00e0 Rabat, son homologue malien , Abdoulaye Diop, porteur d&rsquo;un message \u00e9crit du pr\u00e9sident de la transition du Mali, M. Assimi Go\u00efta, au Roi Mohammed VI.Abdoulaye Diop a par ailleurs pr\u00e9cis\u00e9 que le gouvernement malien est engag\u00e9 \u00e0 tout mettre en \u0153uvre pour retrouver et traduire devant la justice les responsables du meurtre des deux camionneurs marocains au Mali.<\/p>\n<p>Diop, qui s&rsquo;exprimait lors d&rsquo;une conf\u00e9rence de presse \u00e0 l&rsquo;issue de son entretien avec M. Bourita, a soulign\u00e9 qu&rsquo;il s&rsquo;agit d&rsquo;un \u00ab acte barbare perp\u00e9tr\u00e9 par les ennemis de la paix et du d\u00e9veloppement de nos deux pays \u00bb.<\/p>\n<p>Il a, par ailleurs, exprim\u00e9 \u00ab les condol\u00e9ances du pr\u00e9sident de la transition et chef de l&rsquo;\u00c9tat du Mali, Assimi Go\u00efta, du gouvernement et de l&rsquo;ensemble de la population malienne \u00e0 l&rsquo;adresse de SM le Roi Mohammed VI, du gouvernement et du peuple marocains \u00bb suite \u00e0 cette perte.<\/p>\n<p>Le chef de la diplomatie malienne a soutenu que \u00ab ces actes ne doivent pas nous d\u00e9courager \u00bb, ajoutant qu&rsquo;ils \u00ab sont l\u00e0 pour rappeler le danger que nous vivons au quotidien \u00bb.<\/p>\n<p>Cet article <a rel=\"nofollow\" href=\"https:\/\/www.journalducameroun.com\/le-mali-engage-a-retrouver-et-traduire-en-justice-les-assassins-des-camionneurs-marocains\/\">Le Mali engag\u00e9 \u00e0 retrouver et traduire en justice les assassins des camionneurs marocains<\/a> est apparu en premier sur <a rel=\"nofollow\" href=\"https:\/\/www.journalducameroun.com\/\">Journal du Cameroun<\/a>.<\/p>\n<\/div>\n<p>Auteur: APA News<br \/>\n<a href=\"https:\/\/www.journalducameroun.com\/le-mali-engage-a-retrouver-et-traduire-en-justice-les-assassins-des-camionneurs-marocains\/\">Cliquez ici pour lire l&rsquo;article depuis sa source.<\/a><\/p>\n","protected":false},"excerpt":{"rendered":"<p>Le ministre marocain des Affaires \u00e9trang\u00e8res, Nasser Bourita, a re\u00e7u, lundi \u00e0 Rabat, son homologue malien , Abdoulaye Diop, porteur d&rsquo;un message \u00e9crit du pr\u00e9sident de la transition du Mali, M. Assimi Go\u00efta, au Roi Mohammed VI.Abdoulaye Diop a par ailleurs pr\u00e9cis\u00e9 que le gouvernement malien est engag\u00e9 \u00e0 tout mettre en \u0153uvre pour retrouver [&hellip;]<\/p>\n","protected":false},"author":1965,"featured_media":0,"comment_status":"closed","ping_status":"closed","sticky":false,"template":"","format":"standard","meta":{"fifu_image_url":"https:\/\/www.journalducameroun.com\/wp-content\/uploads\/2021\/10\/16339870824638.jpg","fifu_image_alt":"Le Mali engag\u00e9 \u00e0 retrouver et traduire en justice les assassins des camionneurs marocains","footnotes":""},"categories":[73,82],"tags":[],"class_list":["post-129715","post","type-post","status-publish","format-standard","hentry","category-actualite","category-cameroun"],"_links":{"self":[{"href":"https:\/\/linitiative.ca\/International\/wp-json\/wp\/v2\/posts\/129715","targetHints":{"allow":["GET"]}}],"collection":[{"href":"https:\/\/linitiative.ca\/International\/wp-json\/wp\/v2\/posts"}],"about":[{"href":"https:\/\/linitiative.ca\/International\/wp-json\/wp\/v2\/types\/post"}],"author":[{"embeddable":true,"href":"https:\/\/linitiative.ca\/International\/wp-json\/wp\/v2\/users\/1965"}],"replies":[{"embeddable":true,"href":"https:\/\/linitiative.ca\/International\/wp-json\/wp\/v2\/comments?post=129715"}],"version-history":[{"count":0,"href":"https:\/\/linitiative.ca\/International\/wp-json\/wp\/v2\/posts\/129715\/revisions"}],"wp:attachment":[{"href":"https:\/\/linitiative.ca\/International\/wp-json\/wp\/v2\/media?parent=129715"}],"wp:term":[{"taxonomy":"category","embeddable":true,"href":"https:\/\/linitiative.ca\/International\/wp-json\/wp\/v2\/categories?post=129715"},{"taxonomy":"post_tag","embeddable":true,"href":"https:\/\/linitiative.ca\/International\/wp-json\/wp\/v2\/tags?post=129715"}],"curies":[{"name":"wp","href":"https:\/\/api.w.org\/{rel}","templated":true}]}}