{"id":129721,"date":"2021-10-11T12:46:02","date_gmt":"2021-10-11T16:46:02","guid":{"rendered":"https:\/\/linitiative.ca\/International\/le-gicam-annonce-un-observatoire-contre-la-concurrence-deloyale\/"},"modified":"2021-10-11T12:46:02","modified_gmt":"2021-10-11T16:46:02","slug":"le-gicam-annonce-un-observatoire-contre-la-concurrence-deloyale","status":"publish","type":"post","link":"https:\/\/linitiative.ca\/International\/le-gicam-annonce-un-observatoire-contre-la-concurrence-deloyale\/","title":{"rendered":"Le Gicam annonce un observatoire contre la concurrence d\u00e9loyale"},"content":{"rendered":"<div>\n<p>La perte de comp\u00e9titivit\u00e9 des entreprises en raison des pratiques commerciales illicites constitue un v\u00e9ritable fl\u00e9au aujourd\u2019hui pour l\u2019\u00e9conomie. C\u2019est le cinqui\u00e8me obstacle \u00e9voqu\u00e9 par les chefs d\u2019entreprises camerounais dans le dernier recensement g\u00e9n\u00e9ral des entreprises produit par l\u2019Institut national de la statistique (INS) en 2018. \u00a0<\/p>\n<p><strong>Lire aussi<\/strong> : <strong><a href=\"https:\/\/ecomatin.net\/le-coordonnateur-resident-des-nations-s-unies-en-visite-au-gicam-et-au-pad\/\">Le Coordonnateur r\u00e9sident des Nations Unies en visite au Gicam et au PAD<\/a><\/strong><\/p>\n<p>C\u2019est \u00e0 l\u2019effet d\u2019inverser la tendance que le Groupement inter-patronal du Cameroun (Gicam), l\u2019organisation patronale la plus importante du pays, peaufine depuis peu un projet de cr\u00e9ation en son sein d\u2019un Observatoire de la Concurrence et de la Comp\u00e9titivit\u00e9 (OCC-GICAM). Selon les informations obtenues lors de la deuxi\u00e8me \u00e9dition de la journ\u00e9e de la conjoncture du Gicam, qui s\u2019est tenue le 6 octobre 2021, l\u2019observatoire en question \u201cse donne pour objectif de contribuer \u00e0 la r\u00e9duction des distorsions de concurrence pour une am\u00e9lioration de la comp\u00e9titivit\u00e9 des entreprises\u201d, explique le patronat. \u00a0<\/p>\n<p>Concr\u00e8tement, l\u2019organe en gestation, d\u00e9ploiera des outils tels que la veille, \u00e0 travers des enqu\u00eates, des \u00e9tudes de cas, le recensement des pr\u00e9occupations des entreprises sur le sujet, l\u2019analyse des textes r\u00e8glementaires y relatifs\u2026 Les entreprises \u201cseront donc invit\u00e9es \u00e0 adresser leurs pr\u00e9occupations y relative \u00e0 l\u2019observatoire qui se chargera de mener les investigations n\u00e9cessaires afin de construire des plaidoyers \u00e0 l\u2019attention des pouvoirs publics\u201d, confie le Gicam. \u00a0<\/p>\n<p><strong>Lire aussi<\/strong> : <strong><a href=\"https:\/\/ecomatin.net\/lindustrie-locale-du-medicament-denonce-la-concurrence-deloyale-de-la-chine-et-de-linde\/\">L\u2019industrie locale du m\u00e9dicament d\u00e9nonce la concurrence d\u00e9loyale de la Chine et de l\u2019Inde<\/a><\/strong><\/p>\n<p>La n\u00e9cessit\u00e9 d\u2019avoir un tel instrument se fait ressentir plus que dans le pass\u00e9. Si l\u2019on prend le secteur des m\u00e9dicaments, les professionnels de la fili\u00e8re d\u00e9noncent fortement la rude concurrence d\u00e9loyale des importations des produits pharmaceutiques en provenance de Chine et d\u2019Inde, exon\u00e9r\u00e9es de tous droits et taxes au m\u00eame titre que les mati\u00e8res premi\u00e8res pharmaceutiques b\u00e9n\u00e9ficiant d\u2019une exon\u00e9ration conform\u00e9ment aux dispositions de la loi de finances 2021. D\u2019apr\u00e8s les chiffres du ministre du Commerce, le Cameroun a import\u00e9 entre 2015 et 2017, 372 milliards de FCFA de produits pharmaceutiques. Mais plus de 40% du march\u00e9 des m\u00e9dicaments \u00e9chapperait au circuit officiel. Sur un chiffre d\u2019affaires de 100 milliards de FCFA, l\u2019industrie nationale ne participe que pour 2 milliards de FCFA. <\/p>\n<p><strong>Lire aussi<\/strong> : \u00a0<strong><a href=\"https:\/\/ecomatin.net\/climat-des-affaires-les-propositions-du-gicam-a-la-banque-mondiale\/\">Climat des affaires : les propositions du Gicam \u00e0 la Banque mondiale<\/a><\/strong><\/p>\n<p>L\u2019article <a rel=\"nofollow\" href=\"https:\/\/ecomatin.net\/le-gicam-annonce-un-observatoire-contre-la-concurrence-deloyale\/\">Le Gicam annonce un observatoire contre la concurrence d\u00e9loyale<\/a> est apparu en premier sur <a rel=\"nofollow\" href=\"https:\/\/ecomatin.net\/\">EcoMatin<\/a>.<\/p>\n<\/div>\n<p>Auteur: Amina MALLOUM<br \/>\n<a href=\"https:\/\/ecomatin.net\/le-gicam-annonce-un-observatoire-contre-la-concurrence-deloyale\/\">Cliquez ici pour lire l&rsquo;article depuis sa source.<\/a><\/p>\n","protected":false},"excerpt":{"rendered":"<p>La perte de comp\u00e9titivit\u00e9 des entreprises en raison des pratiques commerciales illicites constitue un v\u00e9ritable fl\u00e9au aujourd\u2019hui pour l\u2019\u00e9conomie. C\u2019est le cinqui\u00e8me obstacle \u00e9voqu\u00e9 par les chefs d\u2019entreprises camerounais dans le dernier recensement g\u00e9n\u00e9ral des entreprises produit par l\u2019Institut national de la statistique (INS) en 2018. \u00a0 Lire aussi : Le Coordonnateur r\u00e9sident des Nations [&hellip;]<\/p>\n","protected":false},"author":1969,"featured_media":0,"comment_status":"closed","ping_status":"closed","sticky":false,"template":"","format":"standard","meta":{"fifu_image_url":"","fifu_image_alt":"","footnotes":""},"categories":[82,78],"tags":[],"class_list":["post-129721","post","type-post","status-publish","format-standard","hentry","category-cameroun","category-economie"],"_links":{"self":[{"href":"https:\/\/linitiative.ca\/International\/wp-json\/wp\/v2\/posts\/129721","targetHints":{"allow":["GET"]}}],"collection":[{"href":"https:\/\/linitiative.ca\/International\/wp-json\/wp\/v2\/posts"}],"about":[{"href":"https:\/\/linitiative.ca\/International\/wp-json\/wp\/v2\/types\/post"}],"author":[{"embeddable":true,"href":"https:\/\/linitiative.ca\/International\/wp-json\/wp\/v2\/users\/1969"}],"replies":[{"embeddable":true,"href":"https:\/\/linitiative.ca\/International\/wp-json\/wp\/v2\/comments?post=129721"}],"version-history":[{"count":0,"href":"https:\/\/linitiative.ca\/International\/wp-json\/wp\/v2\/posts\/129721\/revisions"}],"wp:attachment":[{"href":"https:\/\/linitiative.ca\/International\/wp-json\/wp\/v2\/media?parent=129721"}],"wp:term":[{"taxonomy":"category","embeddable":true,"href":"https:\/\/linitiative.ca\/International\/wp-json\/wp\/v2\/categories?post=129721"},{"taxonomy":"post_tag","embeddable":true,"href":"https:\/\/linitiative.ca\/International\/wp-json\/wp\/v2\/tags?post=129721"}],"curies":[{"name":"wp","href":"https:\/\/api.w.org\/{rel}","templated":true}]}}