{"id":129724,"date":"2021-10-12T10:09:15","date_gmt":"2021-10-12T14:09:15","guid":{"rendered":"https:\/\/linitiative.ca\/International\/42eme-moussem-dasilah-la-session-dautomne-de-retour\/"},"modified":"2021-10-12T10:09:15","modified_gmt":"2021-10-12T14:09:15","slug":"42eme-moussem-dasilah-la-session-dautomne-de-retour","status":"publish","type":"post","link":"https:\/\/linitiative.ca\/International\/42eme-moussem-dasilah-la-session-dautomne-de-retour\/","title":{"rendered":"42\u00e8me Moussem d\u2019Asilah : La session d\u2019automne de retour"},"content":{"rendered":"<div>\n<p><img decoding=\"async\" width=\"300\" height=\"153\" src=\"https:\/\/linitiative.ca\/International\/wp-content\/uploads\/sites\/23\/2021\/10\/Asilah-300x153-1.jpg\" class=\"attachment-medium size-medium wp-post-image\" alt=\"\" loading=\"lazy\" srcset=\"https:\/\/linitiative.ca\/International\/wp-content\/uploads\/sites\/23\/2021\/10\/Asilah-300x153-1.jpg 300w, https:\/\/aujourdhui.ma\/wp-content\/uploads\/2020\/06\/Asilah-274x140.jpg 274w, https:\/\/aujourdhui.ma\/wp-content\/uploads\/2020\/06\/Asilah.jpg 746w, https:\/\/aujourdhui.ma\/wp-content\/uploads\/2020\/06\/Asilah-165x84.jpg 165w, https:\/\/aujourdhui.ma\/wp-content\/uploads\/2020\/06\/Asilah-702x358.jpg 702w\" sizes=\"auto, (max-width: 300px) 100vw, 300px\"><\/p>\n<p><span style=\"color: #800000;\"><strong>Au menu, des colloques th\u00e9matiques, des ateliers et des expositions d\u2019art contemporain<\/strong><\/span><span id=\"more-388816\"><\/span><\/p>\n<p>Les pr\u00e9paratifs vont bon train pour la deuxi\u00e8me session du quarante-deuxi\u00e8me Moussem culturel international d\u2019Asilah, dont les travaux auront lieu du 29 octobre au 18 novembre, sous le Haut patronage de SM le Roi Mohammed VI. Initi\u00e9e par la Fondation du Forum d\u2019Asilah en partenariat avec le minist\u00e8re de la jeunesse, de la culture et de la communication, cette session conna\u00eetra la participation d\u2019une pl\u00e9iade de chercheurs, de penseurs, d\u2019hommes politiques et d\u00e9cideurs et des po\u00e8tes, repr\u00e9sentant des pays arabes, africains et internationaux. Cette manifestation pluridisciplinaire se distinguera par la programmation de six colloques traitant de sujets prioritaires et des th\u00e8mes d\u2019actualit\u00e9, et ce dans le cadre de la trente-cinqui\u00e8me \u00e9dition de l\u2019Universit\u00e9 ouverte Al- Mouatamid Ibn Abbad.<\/p>\n<p>Ainsi, les travaux de cette session d\u2019automne seront inaugur\u00e9s, le 29 octobre, par le premier colloque intitul\u00e9 \u00abLe Maghreb et le Sahel : l\u2019in\u00e9luctable partenariat? \u00bb. Anim\u00e9 par Luis Amado, ancien ministre portugais des affaires \u00e9trang\u00e8res, un deuxi\u00e8me sera tenu du 3 au 5 novembre, sous le th\u00e8me \u00abQuel avenir pour la d\u00e9mocratie \u00e9lectorale?\u00bb. Il sera suivi d\u2019un troisi\u00e8me \u00abLes Arabes et les nouvelles mutations r\u00e9gionales et internationales : o\u00f9 va le panarabisme? \u00bb, qui se d\u00e9roulera, du 8 au 10 novembre, sous la direction de l\u2019\u00e9crivain et universitaire mauritanien Abdullah Ould Abah. Les organisateurs ont choisi de rendre hommage lors de cet \u00e9v\u00e9nement \u00e0 Mohamed Brini, l\u2019un des pionniers de la presse marocaine. Et ce dans le cadre du quatri\u00e8me colloque, dont les travaux se tiendront, le 11 novembre, sous la coordination du grand journaliste marocain Jamal El Mohafid. Cette session pr\u00e9voit, du 12 au 13 novembre, un cinqui\u00e8me colloque sous le th\u00e8me \u00abCheikh Zayed : le leader visionnaire\u00bb, et ce en pr\u00e9sence de Noura Al- Kaabi, ministre \u00e9miratie de la culture et de la jeunesse, ainsi que des personnalit\u00e9s marocaines et \u00e9miraties. Elle sera cl\u00f4tur\u00e9e par la sixi\u00e8me rencontre po\u00e9tique \u00abLangage de la po\u00e9sie arabe d\u2019aujourd\u2019hui\u00bb sous la mod\u00e9ration du critique marocain Charaf Eddine Majdouline.<\/p>\n<p>A l\u2019instar de la pr\u00e9c\u00e9dente session d\u2019\u00e9t\u00e9, celle d\u2019automne pr\u00e9voit \u00e9galement des ateliers d\u2019art contemporain ainsi que celui du dessin et de peinture pour enfants et un autre d\u2019\u00e9criture pour les \u00e9l\u00e8ves d\u2019\u00e9tablissements scolaires d\u2019Asilah. Le programme de cette manifestation pluridisciplinaire comporte une exposition individuelle du c\u00e9l\u00e8bre artiste peintre Khalid El Bekkay \u00e0 la galerie du Centre Hassan II des rencontres internationales, qui vit et travaille \u00e0 Barcelone en Espagne et veut rester \u00e0 travers ses oeuvres expos\u00e9es lors de cet \u00e9v\u00e9nement fid\u00e8le \u00e0 son style marqu\u00e9 depuis plus d\u2019une trentaine d\u2019ann\u00e9es de carri\u00e8re par un m\u00e9lange de cultures entre occidentale et orientale. Il est \u00e9galement pr\u00e9vu trois autres expositions collectives, dont celle r\u00e9unissant de jeunes artistes za\u00eflachis dans un des espaces du Palais de la culture, commun\u00e9ment connu sous le nom de Ksar Ra\u00efssouni.<\/p>\n<\/div>\n<p>Auteur: Najat Fa\u00efssal<br \/>\n<a href=\"https:\/\/aujourdhui.ma\/culture\/42eme-moussem-dasilah-la-session-dautomne-de-retour\">Cliquez ici pour lire l&rsquo;article depuis sa source.<\/a><\/p>\n","protected":false},"excerpt":{"rendered":"<p>Au menu, des colloques th\u00e9matiques, des ateliers et des expositions d\u2019art contemporain Les pr\u00e9paratifs vont bon train pour la deuxi\u00e8me session du quarante-deuxi\u00e8me Moussem culturel international d\u2019Asilah, dont les travaux auront lieu du 29 octobre au 18 novembre, sous le Haut patronage de SM le Roi Mohammed VI. Initi\u00e9e par la Fondation du Forum d\u2019Asilah [&hellip;]<\/p>\n","protected":false},"author":1759,"featured_media":0,"comment_status":"closed","ping_status":"closed","sticky":false,"template":"","format":"standard","meta":{"fifu_image_url":"https:\/\/aujourdhui.ma\/wp-content\/uploads\/2020\/06\/Asilah-300x153.jpg","fifu_image_alt":"42\u00e8me Moussem d\u2019Asilah : La session d\u2019automne de retour","footnotes":""},"categories":[73,54],"tags":[],"class_list":["post-129724","post","type-post","status-publish","format-standard","hentry","category-actualite","category-maroc"],"_links":{"self":[{"href":"https:\/\/linitiative.ca\/International\/wp-json\/wp\/v2\/posts\/129724","targetHints":{"allow":["GET"]}}],"collection":[{"href":"https:\/\/linitiative.ca\/International\/wp-json\/wp\/v2\/posts"}],"about":[{"href":"https:\/\/linitiative.ca\/International\/wp-json\/wp\/v2\/types\/post"}],"author":[{"embeddable":true,"href":"https:\/\/linitiative.ca\/International\/wp-json\/wp\/v2\/users\/1759"}],"replies":[{"embeddable":true,"href":"https:\/\/linitiative.ca\/International\/wp-json\/wp\/v2\/comments?post=129724"}],"version-history":[{"count":0,"href":"https:\/\/linitiative.ca\/International\/wp-json\/wp\/v2\/posts\/129724\/revisions"}],"wp:attachment":[{"href":"https:\/\/linitiative.ca\/International\/wp-json\/wp\/v2\/media?parent=129724"}],"wp:term":[{"taxonomy":"category","embeddable":true,"href":"https:\/\/linitiative.ca\/International\/wp-json\/wp\/v2\/categories?post=129724"},{"taxonomy":"post_tag","embeddable":true,"href":"https:\/\/linitiative.ca\/International\/wp-json\/wp\/v2\/tags?post=129724"}],"curies":[{"name":"wp","href":"https:\/\/api.w.org\/{rel}","templated":true}]}}