{"id":129726,"date":"2021-10-12T10:16:29","date_gmt":"2021-10-12T14:16:29","guid":{"rendered":"https:\/\/linitiative.ca\/International\/dans-un-livre-a-paraitre-salma-fellahi-associe-le-public-a-la-conception-de-ses-esprits-nomades\/"},"modified":"2021-10-12T10:16:29","modified_gmt":"2021-10-12T14:16:29","slug":"dans-un-livre-a-paraitre-salma-fellahi-associe-le-public-a-la-conception-de-ses-esprits-nomades","status":"publish","type":"post","link":"https:\/\/linitiative.ca\/International\/dans-un-livre-a-paraitre-salma-fellahi-associe-le-public-a-la-conception-de-ses-esprits-nomades\/","title":{"rendered":"Dans un livre \u00e0 para\u00eetre : Salma Fellahi associe le public \u00e0 la conception de ses \u00abEsprits nomades\u00bb"},"content":{"rendered":"<div>\n<p><img decoding=\"async\" width=\"300\" height=\"153\" src=\"https:\/\/linitiative.ca\/International\/wp-content\/uploads\/sites\/23\/2021\/10\/Salma-Fellahi-300x153-1.jpg\" class=\"attachment-medium size-medium wp-post-image\" alt=\"\" loading=\"lazy\" srcset=\"https:\/\/linitiative.ca\/International\/wp-content\/uploads\/sites\/23\/2021\/10\/Salma-Fellahi-300x153-1.jpg 300w, https:\/\/aujourdhui.ma\/wp-content\/uploads\/2021\/10\/Salma-Fellahi-274x140.jpg 274w, https:\/\/aujourdhui.ma\/wp-content\/uploads\/2021\/10\/Salma-Fellahi.jpg 746w, https:\/\/aujourdhui.ma\/wp-content\/uploads\/2021\/10\/Salma-Fellahi-165x84.jpg 165w, https:\/\/aujourdhui.ma\/wp-content\/uploads\/2021\/10\/Salma-Fellahi-702x358.jpg 702w\" sizes=\"auto, (max-width: 300px) 100vw, 300px\"><\/p>\n<p><span style=\"font-size: 20px; color: #800000;\"><strong>Les gens ne lisent plus et n\u2019aiment plus lire. \u00abEn les int\u00e9grant dans une \u0153uvre, ils seront int\u00e9ress\u00e9s et encourag\u00e9s \u00e0 aimer la litt\u00e9rature et l\u2019art\u00bb.<\/strong> <\/span><\/p>\n<p>Un livre \u00e9crit par son auteure et le public. Du jamais-vu, du moins dans le pays. Cependant, l\u2019id\u00e9e \u00e9mane de l\u2019\u00e9crivaine marocaine Salma Fellahi qui pr\u00e9cise que sa publication \u00e0 para\u00eetre est \u00abun projet assez particulier\u00bb. Pour elle, cette \u0153uvre, intitul\u00e9e \u00abEsprits nomades\u00bb, est \u00abune premi\u00e8re au Maroc\u00bb.<\/p>\n<p>Pour mieux pr\u00e9senter son livre dont la commercialisation en ligne est pr\u00e9vue au cours de cette semaine, elle organisera deux rencontres. La premi\u00e8re sera destin\u00e9e, comme elle le d\u00e9taille, \u00e0 la pr\u00e9sentation de son \u0153uvre. \u00abLors de la deuxi\u00e8me rencontre, je recevrai les personnes qui ont d\u00e9j\u00e0 achet\u00e9 mon livre dont certaines pages sont encore vides\u00bb, avance-t-elle. Tel que l\u2019explicite l\u2019auteure, cette deuxi\u00e8me rencontre sera \u00e9galement destin\u00e9e \u00e0 \u00abcompl\u00e9ter\u00bb l\u2019\u0153uvre \u00e9galement garnie de ses propres peintures et des illustrations d\u2019Abdellatif Fellahi. \u00abLes personnes qui l\u2019ont achet\u00e9e vont s\u2019inspirer de mes vers pour peindre et de l\u2019histoire pour terminer celle-ci\u00bb, ajoute-t-elle. Mieux encore, l\u2019auteure a pr\u00e9f\u00e9r\u00e9 ne pas faire de r\u00e9sum\u00e9 pour sa publication.<\/p>\n<p>\u00abAinsi, je laisse un peu chacun imaginer l\u2019histoire\u00bb, avance-t-elle en en donnant un avant-go\u00fbt. En fait l\u2019intrigue parle d\u2019un homme agonisant qui hallucine et parle \u00e0 une autre personne dans le paradis. Celle-ci s\u2019\u00e9tait donn\u00e9 la mort \u00e0 cause de cet homme qui agonise et parle de l\u2019au-del\u00e0 pour lui demander pardon. Elle finit par le remercier m\u00eame s\u2019il lui a fait beaucoup de mal. \u00abC\u2019est \u00e0 la fois une histoire \u00e9trange, triste et assez philosophique pour remettre les gens en question\u00bb, commente l\u2019\u00e9crivaine qui, \u00e0 travers sa d\u00e9marche, veut \u00e9galement inciter les \u00e9tudiants \u00e0 imaginer et prendre part au livre. Comme elle le rappelle, les gens ne lisent plus et n\u2019aiment plus lire. \u00abEn les int\u00e9grant dans une \u0153uvre, ils seront int\u00e9ress\u00e9s et encourag\u00e9s \u00e0 aimer la litt\u00e9rature et l\u2019art\u00bb, estime-t-elle.<\/p>\n<p>Outre la suite po\u00e9tique \u00abEsprits nomades\u00bb, dont la sortie officielle est pr\u00e9vue dans deux mois, Salma Fellahi, \u00e9galement professeure de litt\u00e9rature fran\u00e7aise \u00e0 El Jadida, a d\u00e9j\u00e0 publi\u00e9 d\u2019autres ouvrages. Elle compte \u00e0 son actif \u00abLa po\u00e9tique du Melhoun marocain\u00bb (2017), \u00abL\u2019amalgame de l\u2019Eros et du Thanatos dans les contemplations de Victor Hugo\u00bb (2018) et \u00abLuttes et chim\u00e8res\u00bb (2018). Elle a m\u00eame publi\u00e9 des articles et dirig\u00e9 voire illustr\u00e9 r\u00e9cemment deux volumes du dix-septi\u00e8me num\u00e9ro d\u00e9di\u00e9 \u00e0 l\u2019Afrique de la revue \u00abLegs et Litt\u00e9rature\u00bb, publi\u00e9e par une association portant ce m\u00eame nom. De quoi faire rayonner le nom de la professeure marocaine ici et ailleurs.<\/p>\n<\/div>\n<p>Auteur: Salima Guisser<br \/>\n<a href=\"https:\/\/aujourdhui.ma\/culture\/livre\/dans-un-livre-a-paraitre-salma-fellahi-associe-le-public-a-la-conception-de-ses-esprits-nomades\">Cliquez ici pour lire l&rsquo;article depuis sa source.<\/a><\/p>\n","protected":false},"excerpt":{"rendered":"<p>Les gens ne lisent plus et n\u2019aiment plus lire. \u00abEn les int\u00e9grant dans une \u0153uvre, ils seront int\u00e9ress\u00e9s et encourag\u00e9s \u00e0 aimer la litt\u00e9rature et l\u2019art\u00bb. Un livre \u00e9crit par son auteure et le public. Du jamais-vu, du moins dans le pays. Cependant, l\u2019id\u00e9e \u00e9mane de l\u2019\u00e9crivaine marocaine Salma Fellahi qui pr\u00e9cise que sa publication [&hellip;]<\/p>\n","protected":false},"author":1759,"featured_media":0,"comment_status":"closed","ping_status":"closed","sticky":false,"template":"","format":"standard","meta":{"fifu_image_url":"https:\/\/aujourdhui.ma\/wp-content\/uploads\/2021\/10\/Salma-Fellahi-300x153.jpg","fifu_image_alt":"Dans un livre \u00e0 para\u00eetre : Salma Fellahi associe le public \u00e0 la conception de ses \u00abEsprits nomades\u00bb","footnotes":""},"categories":[73,54],"tags":[],"class_list":["post-129726","post","type-post","status-publish","format-standard","hentry","category-actualite","category-maroc"],"_links":{"self":[{"href":"https:\/\/linitiative.ca\/International\/wp-json\/wp\/v2\/posts\/129726","targetHints":{"allow":["GET"]}}],"collection":[{"href":"https:\/\/linitiative.ca\/International\/wp-json\/wp\/v2\/posts"}],"about":[{"href":"https:\/\/linitiative.ca\/International\/wp-json\/wp\/v2\/types\/post"}],"author":[{"embeddable":true,"href":"https:\/\/linitiative.ca\/International\/wp-json\/wp\/v2\/users\/1759"}],"replies":[{"embeddable":true,"href":"https:\/\/linitiative.ca\/International\/wp-json\/wp\/v2\/comments?post=129726"}],"version-history":[{"count":0,"href":"https:\/\/linitiative.ca\/International\/wp-json\/wp\/v2\/posts\/129726\/revisions"}],"wp:attachment":[{"href":"https:\/\/linitiative.ca\/International\/wp-json\/wp\/v2\/media?parent=129726"}],"wp:term":[{"taxonomy":"category","embeddable":true,"href":"https:\/\/linitiative.ca\/International\/wp-json\/wp\/v2\/categories?post=129726"},{"taxonomy":"post_tag","embeddable":true,"href":"https:\/\/linitiative.ca\/International\/wp-json\/wp\/v2\/tags?post=129726"}],"curies":[{"name":"wp","href":"https:\/\/api.w.org\/{rel}","templated":true}]}}