{"id":129728,"date":"2021-10-12T11:00:13","date_gmt":"2021-10-12T15:00:13","guid":{"rendered":"https:\/\/linitiative.ca\/International\/lafrique-vue-par-ses-photographes-de-malick-sidibe-a-nos-jours-au-mmvi-de-rabat\/"},"modified":"2021-10-12T11:00:13","modified_gmt":"2021-10-12T15:00:13","slug":"lafrique-vue-par-ses-photographes-de-malick-sidibe-a-nos-jours-au-mmvi-de-rabat","status":"publish","type":"post","link":"https:\/\/linitiative.ca\/International\/lafrique-vue-par-ses-photographes-de-malick-sidibe-a-nos-jours-au-mmvi-de-rabat\/","title":{"rendered":"\u00abL\u2019Afrique vue par ses photographes, de Malick Sidib\u00e9 \u00e0 nos jours\u00bb au MMVI de Rabat"},"content":{"rendered":"<div>\n<p><img decoding=\"async\" width=\"300\" height=\"153\" src=\"https:\/\/linitiative.ca\/International\/wp-content\/uploads\/sites\/23\/2021\/10\/LAfrique-vue-par-ses-photographes-de-300x153-1.jpg\" class=\"attachment-medium size-medium wp-post-image\" alt=\"\" loading=\"lazy\" srcset=\"https:\/\/linitiative.ca\/International\/wp-content\/uploads\/sites\/23\/2021\/10\/LAfrique-vue-par-ses-photographes-de-300x153-1.jpg 300w, https:\/\/aujourdhui.ma\/wp-content\/uploads\/2021\/10\/LAfrique-vue-par-ses-photographes-de-274x140.jpg 274w, https:\/\/aujourdhui.ma\/wp-content\/uploads\/2021\/10\/LAfrique-vue-par-ses-photographes-de.jpg 746w, https:\/\/aujourdhui.ma\/wp-content\/uploads\/2021\/10\/LAfrique-vue-par-ses-photographes-de-165x84.jpg 165w, https:\/\/aujourdhui.ma\/wp-content\/uploads\/2021\/10\/LAfrique-vue-par-ses-photographes-de-702x358.jpg 702w\" sizes=\"auto, (max-width: 300px) 100vw, 300px\"><\/p>\n<p><span style=\"color: #800000; font-size: 18px;\"><strong>Elle pr\u00e9sente les grands chefs-d\u2019oeuvre du photographe malien et toute une g\u00e9n\u00e9ration de portraitistes africains<\/strong><\/span><span id=\"more-388818\"><\/span><\/p>\n<p>La Fondation nationale des mus\u00e9es (FNM) vient d\u2019inaugurer sa nouvelle saison culturelle avec \u00abL\u2019Afrique vue par ses photographes, de Malick Sidib\u00e9 \u00e0 nos jours\u00bb. Il s\u2019agit d\u2019une exposition in\u00e9dite consacr\u00e9e au photographe malien et \u00e0 toute une g\u00e9n\u00e9ration de portraitistes \u00e0 travers le continent africain. Ouverte \u00e0 partir du 13 octobre au Mus\u00e9e Mohammed VI d\u2019art moderne et contemporain de Rabat, cette exposition pr\u00e9sentera un aper\u00e7u sur l\u2019\u00e9volution de l\u2019art photographique africain contemporain. \u00abElle donne \u00e0 voir des oeuvres jamais vues ailleurs. Elle rend hommage en particulier \u00e0 Malick Sidib\u00e9, un des pionniers de la photographie africaine, qui a immortalis\u00e9 par ses portraits l\u2019effervescence, l\u2019insouciance et l\u2019euphorie des nuits de Bamako, alors en pleine r\u00e9volution culturelle dans les ann\u00e9es 60.<\/p>\n<p>Bien plus que des photos, les images captur\u00e9es par Malick Sidib\u00e9 sont une ode \u00e0 la vie, impr\u00e9gn\u00e9es de beaut\u00e9 et de po\u00e9sie\u00bb, indique Mehdi Qotbi, pr\u00e9sident de la Fondation nationale des mus\u00e9es, lors de la pr\u00e9sentation de ce premier rendez-vous de la rentr\u00e9e. Et d\u2019ajouter que \u00abce m\u00eame espoir a nourri le travail de tous les photographes africains d\u2019aujourd\u2019hui qui, \u00e0 travers leurs photos, posent un regard authentique sur le continent et donnent \u00e0 voir une vision pleine d\u2019audace et de r\u00e9silience d\u2019une Afrique en voie d\u2019\u00e9mergence\u00bb. Il faut noter que \u00abL\u2019Afrique vue par ses photographes, de Malick Sidib\u00e9 \u00e0 nos jours\u00bb est r\u00e9alis\u00e9e en partenariat avec les pr\u00eateurs et les collectionneurs Gervanne et Matthias Leridon, Michel Philippot et la collection D.M.<\/p>\n<div class=\"mom_images_grid mom_images_3_cols\">\n<ul class=\"galleryslider\">\n<li class=\"first\"><a href=\"https:\/\/aujourdhui.ma\/wp-content\/uploads\/2021\/10\/Capture-decran-2021-10-11-a-14.10.32.png\" data-title=\"\" title=\"Capture d\u2019\u00e9cran 2021-10-11 \u00e0 14.10.32\"><img decoding=\"async\" alt=\"Capture d\u2019\u00e9cran 2021-10-11 \u00e0 14.10.32\" src=\"https:\/\/linitiative.ca\/International\/wp-content\/uploads\/sites\/23\/2021\/10\/Capture-decran-2021-10-11-a-14.10.32-746x380-1.png\"><\/a><\/li>\n<li class=\"\"><a href=\"https:\/\/aujourdhui.ma\/wp-content\/uploads\/2021\/10\/Capture-decran-2021-10-11-a-14.10.26.png\" data-title=\"\" title=\"Capture d\u2019\u00e9cran 2021-10-11 \u00e0 14.10.26\"><img decoding=\"async\" alt=\"Capture d\u2019\u00e9cran 2021-10-11 \u00e0 14.10.26\" src=\"https:\/\/linitiative.ca\/International\/wp-content\/uploads\/sites\/23\/2021\/10\/Capture-decran-2021-10-11-a-14.10.26-746x380-1.png\"><\/a><\/li>\n<li class=\"last\"><a href=\"https:\/\/aujourdhui.ma\/wp-content\/uploads\/2021\/10\/Capture-decran-2021-10-11-a-14.10.17.png\" data-title=\"\" title=\"Capture d\u2019\u00e9cran 2021-10-11 \u00e0 14.10.17\"><img decoding=\"async\" alt=\"Capture d\u2019\u00e9cran 2021-10-11 \u00e0 14.10.17\" src=\"https:\/\/linitiative.ca\/International\/wp-content\/uploads\/sites\/23\/2021\/10\/Capture-decran-2021-10-11-a-14.10.17-746x380-1.png\"><\/a><\/li>\n<li class=\"first\"><a href=\"https:\/\/aujourdhui.ma\/wp-content\/uploads\/2021\/10\/Capture-decran-2021-10-11-a-14.10.07.png\" data-title=\"\" title=\"Capture d\u2019\u00e9cran 2021-10-11 \u00e0 14.10.07\"><img decoding=\"async\" alt=\"Capture d\u2019\u00e9cran 2021-10-11 \u00e0 14.10.07\" src=\"https:\/\/linitiative.ca\/International\/wp-content\/uploads\/sites\/23\/2021\/10\/Capture-decran-2021-10-11-a-14.10.07-746x380-1.png\"><\/a><\/li>\n<\/ul>\n<\/div>\n<p><span style=\"color: #ff0000;\"><strong>Des clich\u00e9s des \u00abSoir\u00e9es\u00bb bamakoises et des sc\u00e8nes de f\u00eates<\/strong> <\/span><\/p>\n<p>La premi\u00e8re exposition donne \u00e0 voir les portraits instantan\u00e9s de Malick Sidib\u00e9 r\u00e9alis\u00e9s dans la pure tradition du studio africain. Dans une premi\u00e8re salle sont expos\u00e9s les clich\u00e9s des \u00abSoir\u00e9es\u00bb bamakoises des ann\u00e9es 1960-70 et 80, immortalis\u00e9es par Sidib\u00e9. On y voit des sc\u00e8nes de f\u00eates o\u00f9 les danseurs exaltent la joie de vivre et la lib\u00e9ration par la musique. \u00abMalick Sidib\u00e9 a donn\u00e9, par son travail photographique, une visibilit\u00e9 \u00e0 la soci\u00e9t\u00e9 africaine qui acc\u00e8de alors \u00e0 sa propre repr\u00e9sentation tout en s\u2019interrogeant : comment se fabrique une identit\u00e9 ? L\u2019exposition monographique de l\u2019artiste malien donne \u00e0 voir des sujets portraitur\u00e9s qui affirment leurs ambitions et leur d\u00e9sir du rang social tout en l\u2019incarnant par le biais de la photographie : c\u2019est une promesse envers soi-m\u00eame\u00bb, explique Jeanette Zwingenberger, commissaire associ\u00e9e de l\u2019exposition. Dans une seconde salle intitul\u00e9e \u00abFresque familiale\u00bb, Sidib\u00e9 capture, en studio ou ailleurs, des \u00e9v\u00e9nements cl\u00e9s de l\u2019histoire d\u2019une personne : rencontre, mariage ou naissance.<\/p>\n<p><span style=\"color: #ff0000;\"><strong>Plus de 23 artistes africains questionnent les h\u00e9ritages postcoloniaux<\/strong> <\/span><\/p>\n<p>Parall\u00e8lement, le second parcours se focalise sur les jeunes photographes africains contemporains qui interrogent et d\u00e9construisent les st\u00e9r\u00e9otypes et les clich\u00e9s longtemps assimil\u00e9s \u00e0 l\u2019Afrique, en rupture avec l\u2019optimisme de Malick Sidib\u00e9. On trouve les portraits du Marocain Hassan Hajjaj, du Camerounais Samuel Fosso, du B\u00e9ninois Leonce Raphael Agbodjelou, du Zimbabw\u00e9en Kudzanai Chiura et de la Sud-africaine Zanele Muholi\u2026 \u00abCeux-ci construisent un r\u00e9cit collectif qui r\u00e9unit des histoires singuli\u00e8res. Leurs photos interrogent les croyances et les mythes, et questionnent les h\u00e9ritages postcoloniaux et les enjeux socio-politiques et climatiques du 21\u00e8me si\u00e8cle. \u00abL\u2019exposition s\u2019articule autour de quatre axes, \u00e0 savoir \u00abL\u2019identit\u00e9 multiple ou arch\u00e9type\u00bb, \u00abL\u2019archipel Afrique, entre imaginaire et r\u00e9alit\u00e9\u00bb, \u00abPortraits sociaux-politiques et h\u00e9ritages postcoloniaux\u00bb et \u00abPaysages du d\u00e9sastre\u00bb.<\/p>\n<p>Ce dernier traite de la survie autant des exclus que de la surexploitation plan\u00e9taire. En tant que passeurs de fronti\u00e8res, Moufouli Bello, Pieter Hugo, Osvalde Lewat, M\u00e1rio Macilau et Mo\u00efse Togo donnent une visibilit\u00e9 aux \u00eatres confront\u00e9s \u00e0 la pr\u00e9carit\u00e9 de l\u2019existence et leur donnent un visage\u00bb, conclut Mme Zwingenberger. Une fois de plus, \u00e0 travers ces deux expositions in\u00e9dites le Mus\u00e9e Mohammed VI offre un beau panorama r\u00e9unissant des photographes de diff\u00e9rentes g\u00e9n\u00e9rations, d\u2019une vingtaine de nationalit\u00e9s africaines. Leurs travaux respectifs sont pr\u00e9sents dans les plus grandes collections du monde. Ils exposent les enjeux contemporains, soci\u00e9taux, culturels, politiques et \u00e9cologiques.<\/p>\n<\/div>\n<p>Auteur: Salima Guisser<br \/>\n<a href=\"https:\/\/aujourdhui.ma\/culture\/lafrique-vue-par-ses-photographes-de-malick-sidibe-a-nos-jours-au-mmvi-de-rabat\">Cliquez ici pour lire l&rsquo;article depuis sa source.<\/a><\/p>\n","protected":false},"excerpt":{"rendered":"<p>Elle pr\u00e9sente les grands chefs-d\u2019oeuvre du photographe malien et toute une g\u00e9n\u00e9ration de portraitistes africains La Fondation nationale des mus\u00e9es (FNM) vient d\u2019inaugurer sa nouvelle saison culturelle avec \u00abL\u2019Afrique vue par ses photographes, de Malick Sidib\u00e9 \u00e0 nos jours\u00bb. Il s\u2019agit d\u2019une exposition in\u00e9dite consacr\u00e9e au photographe malien et \u00e0 toute une g\u00e9n\u00e9ration de portraitistes [&hellip;]<\/p>\n","protected":false},"author":1759,"featured_media":0,"comment_status":"closed","ping_status":"closed","sticky":false,"template":"","format":"standard","meta":{"fifu_image_url":"https:\/\/aujourdhui.ma\/wp-content\/uploads\/2021\/10\/LAfrique-vue-par-ses-photographes-de-300x153.jpg","fifu_image_alt":"\u00abL\u2019Afrique vue par ses photographes, de Malick Sidib\u00e9 \u00e0 nos jours\u00bb au MMVI de Rabat","footnotes":""},"categories":[73,54],"tags":[],"class_list":["post-129728","post","type-post","status-publish","format-standard","hentry","category-actualite","category-maroc"],"_links":{"self":[{"href":"https:\/\/linitiative.ca\/International\/wp-json\/wp\/v2\/posts\/129728","targetHints":{"allow":["GET"]}}],"collection":[{"href":"https:\/\/linitiative.ca\/International\/wp-json\/wp\/v2\/posts"}],"about":[{"href":"https:\/\/linitiative.ca\/International\/wp-json\/wp\/v2\/types\/post"}],"author":[{"embeddable":true,"href":"https:\/\/linitiative.ca\/International\/wp-json\/wp\/v2\/users\/1759"}],"replies":[{"embeddable":true,"href":"https:\/\/linitiative.ca\/International\/wp-json\/wp\/v2\/comments?post=129728"}],"version-history":[{"count":0,"href":"https:\/\/linitiative.ca\/International\/wp-json\/wp\/v2\/posts\/129728\/revisions"}],"wp:attachment":[{"href":"https:\/\/linitiative.ca\/International\/wp-json\/wp\/v2\/media?parent=129728"}],"wp:term":[{"taxonomy":"category","embeddable":true,"href":"https:\/\/linitiative.ca\/International\/wp-json\/wp\/v2\/categories?post=129728"},{"taxonomy":"post_tag","embeddable":true,"href":"https:\/\/linitiative.ca\/International\/wp-json\/wp\/v2\/tags?post=129728"}],"curies":[{"name":"wp","href":"https:\/\/api.w.org\/{rel}","templated":true}]}}