{"id":129736,"date":"2021-10-11T14:00:00","date_gmt":"2021-10-11T18:00:00","guid":{"rendered":"https:\/\/linitiative.ca\/International\/la-tunisie-se-dote-dun-nouveau-gouvernement\/"},"modified":"2021-10-11T14:00:00","modified_gmt":"2021-10-11T18:00:00","slug":"la-tunisie-se-dote-dun-nouveau-gouvernement","status":"publish","type":"post","link":"https:\/\/linitiative.ca\/International\/la-tunisie-se-dote-dun-nouveau-gouvernement\/","title":{"rendered":"La Tunisie se dote d\u2019un nouveau gouvernement"},"content":{"rendered":"<div>\n<p class=\"has-text-align-center has-vivid-red-color has-text-color\"><strong>Pour redonner aux Tunisiens confiance en l\u2019Etat<\/strong><\/p>\n<p class=\"has-black-color has-text-color\"><strong>La Tunisie s\u2019est dot\u00e9e lundi d\u2019un nouveau gouvernement, onze semaines apr\u00e8s l\u2019\u00e9viction du pr\u00e9c\u00e9dent cabinet par le pr\u00e9sident Kais Saied qui s\u2019est arrog\u00e9 les pleins pouvoirs le 25 juillet.<\/strong><\/p>\n<p class=\"has-black-color has-text-color\">En pleine crise socio-\u00e9conomique et sanitaire et apr\u00e8s des mois de blocage politique, M. Saied avait invoqu\u00e9 en juillet un \u00ab\u00a0p\u00e9ril imminent\u00a0\u00bb pour justifier ses actions, d\u00e9nonc\u00e9es comme un \u00ab\u00a0coup d\u2019Etat\u00a0\u00bb par ses opposants et des ONG.<br \/>\u00ab\u00a0Le pr\u00e9sident de la R\u00e9publique promulgue un d\u00e9cret nommant le chef du gouvernement et ses membres\u00a0\u00bb, a indiqu\u00e9 la pr\u00e9sidence dans un communiqu\u00e9, peu avant la diffusion par la t\u00e9l\u00e9vision officielle de la c\u00e9r\u00e9monie de prestation de serment.<\/p>\n<p class=\"has-black-color has-text-color\">Pour la premi\u00e8re fois dans l\u2019histoire du pays, le gouvernement est dirig\u00e9e par une femme, l\u2019universitaire Najla Bouden, mais celle-ci ainsi que son \u00e9quipe jouiront de pr\u00e9rogatives consid\u00e9rablement r\u00e9duites apr\u00e8s le coup de force de M. Saied.<\/p>\n<p class=\"has-black-color has-text-color\">Mme Bouden a \u00e9t\u00e9 nomm\u00e9e le 29 septembre, plus de deux mois apr\u00e8s le limogeage le 25 juillet du Premier ministre Hichem Mechichi par le chef de l\u2019Etat qui a \u00e9galement gel\u00e9 le Parlement et pris en main le pouvoir judiciaire.<br \/>Dans un discours lors de la prestation de serment, Mme Bouden, 63 ans, a affirm\u00e9 que \u00ab\u00a0la lutte contre la corruption sera le plus important objectif\u00a0\u00bb de son gouvernement qui compte 25 membres, dont neuf femmes, outre sa cheffe.<br \/>Elle a aussi affirm\u00e9 que son \u00e9quipe oeuvrerait pour \u00ab\u00a0redonner aux Tunisiens confiance en l\u2019Etat\u00a0\u00bb et \u00ab\u00a0am\u00e9liorer leurs conditions de vie\u00a0\u00bb.<\/p>\n<p class=\"has-black-color has-text-color\">L\u2019annonce du nouveau gouvernement survient au lendemain d\u2019une nouvelle manifestation \u00e0 Tunis contre les mesures d\u2019exception d\u00e9cid\u00e9es par M. Saied, \u00e0 laquelle ont particip\u00e9 au moins 6.000 personnes dans la capitale Tunis.<\/p>\n<p class=\"has-black-color has-text-color\">Apr\u00e8s deux mois d\u2019incertitudes, M. Saied a promulgu\u00e9 le 22 septembre un d\u00e9cret officialisant la suspension de plusieurs chapitres de la Constitution et instaurant des \u00ab\u00a0mesures exceptionnelles\u00a0\u00bb le temps de mener des r\u00e9formes politiques, dont des amendements \u00e0 la Constitution de 2014.<\/p>\n<p class=\"has-black-color has-text-color\">Lundi, M. Saied a r\u00e9affirm\u00e9 devant le nouveau gouvernement, que ses actions visaient \u00e0 \u00ab\u00a0sauver l\u2019Etat tunisien des griffes de ceux qui le guettent, \u00e0 la maison comme \u00e0 l\u2019\u00e9tranger, et de ceux qui voient leur fonction comme un butin ou un moyen de piller les fonds publics\u00a0\u00bb.<\/p>\n<p class=\"has-black-color has-text-color\">\u00ab\u00a0Ils ont all\u00e8grement pill\u00e9 l\u2019argent du peuple\u00a0\u00bb, a-t-il dit, sans identifier les parties vis\u00e9es par ses critiques.<\/p>\n<p class=\"has-black-color has-text-color\">En d\u00e9pit de la nomination d\u2019une Premi\u00e8re ministre, c\u2019est le chef de l\u2019Etat qui sera le r\u00e9el d\u00e9tenteur du pouvoir ex\u00e9cutif. Il pr\u00e9sidera le conseil des ministres, en vertu de ses \u00ab\u00a0mesures exceptionnelles\u00a0\u00bb adopt\u00e9es en septembre.<\/p>\n<p class=\"has-black-color has-text-color\">C\u2019est la premi\u00e8re fois dans l\u2019histoire de la Tunisie, pays pionnier dans le monde arabe en mati\u00e8re des droits des femmes, que la t\u00e2che de diriger le gouvernement est confi\u00e9e \u00e0 une femme.<\/p>\n<p class=\"has-black-color has-text-color\">Depuis la pr\u00e9sidence de Habib Bourguiba qui leur avait am\u00e9nag\u00e9 un code de statut personnel en 1956 interdisant la polygamie et la r\u00e9pudiation et autorisant le divorce, la Tunisie est consid\u00e9r\u00e9e comme le pays du Maghreb \u00e0 l\u2019avant-garde pour l\u2019\u00e9mancipation des femmes.<\/p>\n<p class=\"has-black-color has-text-color\">Des militantes des droits des femme ont salu\u00e9 la port\u00e9e symbolique de la nomination d\u2019une femme \u00e0 la t\u00eate du gouvernement mais rappel\u00e9 que M. Saied s\u2019\u00e9tait par le pass\u00e9 illustr\u00e9 par des positions n\u00e9gatives sur l\u2019\u00e9galit\u00e9 entre les sexes.<\/p>\n<p class=\"has-black-color has-text-color\">Fin 2019, pendant la campagne \u00e9lectorale et une fois \u00e9lu pr\u00e9sident, M. Saied s\u2019est oppos\u00e9 \u00e0 tout projet de loi mettant \u00e0 \u00e9galit\u00e9 les hommes et les femmes dans l\u2019h\u00e9ritage.<\/p>\n<p class=\"has-black-color has-text-color\">Compl\u00e8tement inconnue du grand public au moment de sa nomination et d\u00e9pourvue d\u2019exp\u00e9rience politique Mme Bouden n\u2019a pas de comp\u00e9tences reconnues en \u00e9conomie non plus.<\/p>\n<p class=\"has-black-color has-text-color\">Tr\u00e8s endett\u00e9e et d\u00e9pendante des aides internationales, la Tunisie fait face \u00e0 une profonde crise \u00e9conomique et sociale -chute du PIB, forte inflation, ch\u00f4mage \u00e0 pr\u00e8s de 18%-, aggrav\u00e9e par la pand\u00e9mie de Covid.<\/p>\n<p class=\"has-black-color has-text-color\">Le parti d\u2019inspiration islamiste Ennahdha, principale force au Parlement tunisien, suspendu depuis le coup de force du pr\u00e9sident Saied, avait d\u00e9nonc\u00e9 comme \u00ab\u00a0inconstitutionnelle\u00a0\u00bb la nomination de Mme Bouden car elle \u00ab\u00a0ne respecte pas les proc\u00e9dures constitutionnelles\u00a0\u00bb.<\/p>\n<p>L\u2019article <a rel=\"nofollow\" href=\"http:\/\/albayane.press.ma\/la-tunisie-se-dote-dun-nouveau-gouvernement.html\">La Tunisie se dote d\u2019un nouveau gouvernement<\/a> est apparu en premier sur <a rel=\"nofollow\" href=\"http:\/\/albayane.press.ma\/\">ALBAYANE<\/a>.<\/p>\n<\/div>\n<p>Auteur: M&rsquo;hammed rahal<br \/>\n<a href=\"http:\/\/albayane.press.ma\/la-tunisie-se-dote-dun-nouveau-gouvernement.html\">Cliquez ici pour lire l&rsquo;article depuis sa source.<\/a><\/p>\n","protected":false},"excerpt":{"rendered":"<p>Pour redonner aux Tunisiens confiance en l\u2019Etat La Tunisie s\u2019est dot\u00e9e lundi d\u2019un nouveau gouvernement, onze semaines apr\u00e8s l\u2019\u00e9viction du pr\u00e9c\u00e9dent cabinet par le pr\u00e9sident Kais Saied qui s\u2019est arrog\u00e9 les pleins pouvoirs le 25 juillet. En pleine crise socio-\u00e9conomique et sanitaire et apr\u00e8s des mois de blocage politique, M. Saied avait invoqu\u00e9 en juillet [&hellip;]<\/p>\n","protected":false},"author":1760,"featured_media":0,"comment_status":"closed","ping_status":"closed","sticky":false,"template":"","format":"standard","meta":{"fifu_image_url":"","fifu_image_alt":"","footnotes":""},"categories":[73,54],"tags":[],"class_list":["post-129736","post","type-post","status-publish","format-standard","hentry","category-actualite","category-maroc"],"_links":{"self":[{"href":"https:\/\/linitiative.ca\/International\/wp-json\/wp\/v2\/posts\/129736","targetHints":{"allow":["GET"]}}],"collection":[{"href":"https:\/\/linitiative.ca\/International\/wp-json\/wp\/v2\/posts"}],"about":[{"href":"https:\/\/linitiative.ca\/International\/wp-json\/wp\/v2\/types\/post"}],"author":[{"embeddable":true,"href":"https:\/\/linitiative.ca\/International\/wp-json\/wp\/v2\/users\/1760"}],"replies":[{"embeddable":true,"href":"https:\/\/linitiative.ca\/International\/wp-json\/wp\/v2\/comments?post=129736"}],"version-history":[{"count":0,"href":"https:\/\/linitiative.ca\/International\/wp-json\/wp\/v2\/posts\/129736\/revisions"}],"wp:attachment":[{"href":"https:\/\/linitiative.ca\/International\/wp-json\/wp\/v2\/media?parent=129736"}],"wp:term":[{"taxonomy":"category","embeddable":true,"href":"https:\/\/linitiative.ca\/International\/wp-json\/wp\/v2\/categories?post=129736"},{"taxonomy":"post_tag","embeddable":true,"href":"https:\/\/linitiative.ca\/International\/wp-json\/wp\/v2\/tags?post=129736"}],"curies":[{"name":"wp","href":"https:\/\/api.w.org\/{rel}","templated":true}]}}