{"id":129737,"date":"2021-10-11T14:00:00","date_gmt":"2021-10-11T18:00:00","guid":{"rendered":"https:\/\/linitiative.ca\/International\/burkina-debut-du-proces-de-lassassinat-de-thomas-sankara\/"},"modified":"2021-10-11T14:00:00","modified_gmt":"2021-10-11T18:00:00","slug":"burkina-debut-du-proces-de-lassassinat-de-thomas-sankara","status":"publish","type":"post","link":"https:\/\/linitiative.ca\/International\/burkina-debut-du-proces-de-lassassinat-de-thomas-sankara\/","title":{"rendered":"Burkina: d\u00e9but du proc\u00e8s de l\u2019assassinat de Thomas Sankara"},"content":{"rendered":"<div>\n<p class=\"has-text-align-center has-vivid-red-color has-text-color\"><strong>34 ans apr\u00e8s le coup d\u2019\u00e9tat<\/strong><\/p>\n<p class=\"has-black-color has-text-color\"><strong>Le 15 octobre 1987, l\u2019ex-pr\u00e9sident et \u00ab\u00a0p\u00e8re de la r\u00e9volution burkinab\u00e8\u00a0\u00bb, Thomas Sankara, \u00e9tait tu\u00e9 lors d\u2019un coup d\u2019Etat: 34 ans apr\u00e8s, le proc\u00e8s des auteurs pr\u00e9sum\u00e9s de son assassinat a d\u00e9but\u00e9 lundi devant le tribunal militaire de Ouagadougou.<\/strong><\/p>\n<p class=\"has-black-color has-text-color\">\u00ab\u00a0C\u2019est un jour de v\u00e9rit\u00e9 pour moi, ma famille et tous les Burkinab\u00e8\u00a0\u00bb, a d\u00e9clar\u00e9 la veuve de Thomas Sankara, Mariam, pr\u00e9sente \u00e0 l\u2019ouverture de ce proc\u00e8s tr\u00e8s attendu par les familles des victimes du putsch de 1987.<br \/>Comme pr\u00e9vu, le principal accus\u00e9, Blaise Compaor\u00e9, n\u2019\u00e9tait pas pr\u00e9sent lundi matin devant le tribunal.<br \/>Port\u00e9 au pouvoir par le coup d\u2019Etat de 1987 et renvers\u00e9 par une insurrection populaire en 2014, Blaise Compaor\u00e9, 70 ans, vit en C\u00f4te d\u2019Ivoire, pays dont il a obtenu la nationalit\u00e9. Ses avocats avaient d\u00e9nonc\u00e9 \u00ab\u00a0un proc\u00e8s politique\u00a0\u00bb devant \u00ab\u00a0une juridiction d\u2019exception\u00a0\u00bb.<\/p>\n<p class=\"has-black-color has-text-color\">Selon Stanislas Benewend\u00e9 Sankara (aucun lien familial avec Thomas Sankara, ndlr), avocat de la famille du leader \u00ab\u00a0r\u00e9volutionnaire\u00a0\u00bb depuis 1997, \u00ab\u00a0l\u2019absence de Compaor\u00e9 est un m\u00e9pris pour la justice de son pays d\u2019origine\u00a0\u00bb et \u00ab\u00a0d\u00e9note quelque part aussi sa culpabilit\u00e9 \u00e9ventuelle\u00a0\u00bb.<br \/>Mais, juge-t-il, m\u00eame si ce proc\u00e8s \u00ab\u00a0n\u2019est pas encore le bout du tunnel, nous amor\u00e7ons un virage au plan judiciaire qui est tr\u00e8s important\u00a0\u00bb.<\/p>\n<p class=\"has-black-color has-text-color\">Douze des quatorze accus\u00e9s sont toutefois pr\u00e9sents pour ce proc\u00e8s qui se tient sous haute surveillance des forces de d\u00e9fense et de s\u00e9curit\u00e9 dans un pays en proie \u00e0 la violence jihadiste depuis 2015.<br \/>Parmi eux, le g\u00e9n\u00e9ral Gilbert Diend\u00e9r\u00e9, 61 ans, un des principaux chefs de l\u2019arm\u00e9e lors du putsch, est apparu en tenue militaire, manifestement serein et d\u00e9contract\u00e9.<\/p>\n<p class=\"has-black-color has-text-color\">Devenu ensuite chef d\u2019\u00e9tat-major particulier du pr\u00e9sident Compaor\u00e9, le g\u00e9n\u00e9ral Diend\u00e9r\u00e9 purge d\u00e9j\u00e0 au Burkina une peine de 20 ans de prison pour une tentative de coup d\u2019Etat en 2015.<br \/>Comme Blaise Compaor\u00e9, il est accus\u00e9 de \u00ab\u00a0complicit\u00e9 d\u2019assassinats\u00a0\u00bb, \u00ab\u00a0recel de cadavres\u00a0\u00bb et \u00ab\u00a0d\u2019attentat \u00e0 la s\u00fbret\u00e9 de l\u2019Etat\u00a0\u00bb.<\/p>\n<p class=\"has-black-color has-text-color\">Des soldats de l\u2019ancienne garde pr\u00e9sidentielle de Compaor\u00e9, notamment l\u2019ancien adjudant-chef Hyacinthe Kafando, soup\u00e7onn\u00e9 d\u2019avoir \u00e9t\u00e9 le chef du commando et qui est actuellement en fuite, figurent \u00e9galement parmi les accus\u00e9s.<br \/>Arriv\u00e9 au pouvoir par un coup d\u2019Etat en 1983, Thomas Sankara a \u00e9t\u00e9 tu\u00e9 avec douze de ses compagnons par un commando lors d\u2019une r\u00e9union au si\u00e8ge du Conseil national de la r\u00e9volution (CNR) \u00e0 Ouagadougou. Il avait 37 ans.<br \/>Bras droit de Sankara, Blaise Compaor\u00e9 a toujours ni\u00e9 avoir commandit\u00e9 l\u2019assassinat de son fr\u00e8re d\u2019armes et ami intime, bien que le putsch de 1987 l\u2019ait port\u00e9 au pouvoir.<\/p>\n<p class=\"has-black-color has-text-color\">La mort de Thomas Sankara, qui voulait \u00ab\u00a0d\u00e9coloniser les mentalit\u00e9s\u00a0\u00bb et bouleverser l\u2019ordre mondial en prenant la d\u00e9fense des pauvres et des opprim\u00e9s, a \u00e9t\u00e9 un sujet tabou pendant les 27 ans de pouvoir de M. Compaor\u00e9.<br \/>L\u2019affaire a \u00e9t\u00e9 relanc\u00e9e en 2015 par le r\u00e9gime de transition d\u00e9mocratique et un mandat d\u2019arr\u00eat \u00e9mis contre M. Compaor\u00e9 par la justice burkinab\u00e8 en mars 2016.<\/p>\n<p class=\"has-black-color has-text-color\">Lors d\u2019un voyage \u00e0 Ouagadougou en novembre 2017, le pr\u00e9sident fran\u00e7ais Emmanuel Macron avait salu\u00e9 la m\u00e9moire de Thomas Sankara et annonc\u00e9 la lev\u00e9e du secret-d\u00e9fense sur des documents relatifs \u00e0 son assassinat.<br \/>Selon Halouna Traor\u00e9, ancien compagnon de Sankara et unique rescap\u00e9 du coup d\u2019Etat de 1987, le \u00ab\u00a0proc\u00e8s nous am\u00e8ne (nous, Burkinab\u00e8, ndlr) \u00e0 nous regarder dans le miroir, \u00e0 voir le tort qu\u2019on s\u2019est fait nous-m\u00eames avec la complicit\u00e9 de l\u2019ext\u00e9rieur, parce que le c\u00f4t\u00e9 mat\u00e9riel du coup d\u2019Etat s\u2019est pass\u00e9 au Burkina, mais les commanditaires sont de l\u2019ext\u00e9rieur\u00a0\u00bb.<\/p>\n<p class=\"has-black-color has-text-color\">S\u2019il se r\u00e9jouit de la tenue du proc\u00e8s, le r\u00e9seau international \u00ab\u00a0Justice pour Thomas Sankara, justice pour l\u2019Afrique\u00a0\u00bb note le risque qu\u2019il soit \u00ab\u00a0amput\u00e9 du volet international du dossier\u00a0\u00bb pouvant faire la lumi\u00e8re sur le r\u00f4le de la France, des Etats-Unis et de pays ouest-africains comme la C\u00f4te d\u2019Ivoire de F\u00e9lix Houphou\u00ebt Boigny et du Togo de Gnassingb\u00e9 Eyadema, alors ulc\u00e9r\u00e9s par les prises de position anti-imp\u00e9rialistes de ce jeune r\u00e9volutionnaire adul\u00e9 par la jeunesse africaine.<\/p>\n<p>L\u2019article <a rel=\"nofollow\" href=\"http:\/\/albayane.press.ma\/burkina-debut-du-proces-de-lassassinat-de-thomas-sankara.html\">Burkina: d\u00e9but du proc\u00e8s de l\u2019assassinat de Thomas Sankara<\/a> est apparu en premier sur <a rel=\"nofollow\" href=\"http:\/\/albayane.press.ma\/\">ALBAYANE<\/a>.<\/p>\n<\/div>\n<p>Auteur: M&rsquo;hammed rahal<br \/>\n<a href=\"http:\/\/albayane.press.ma\/burkina-debut-du-proces-de-lassassinat-de-thomas-sankara.html\">Cliquez ici pour lire l&rsquo;article depuis sa source.<\/a><\/p>\n","protected":false},"excerpt":{"rendered":"<p>34 ans apr\u00e8s le coup d\u2019\u00e9tat Le 15 octobre 1987, l\u2019ex-pr\u00e9sident et \u00ab\u00a0p\u00e8re de la r\u00e9volution burkinab\u00e8\u00a0\u00bb, Thomas Sankara, \u00e9tait tu\u00e9 lors d\u2019un coup d\u2019Etat: 34 ans apr\u00e8s, le proc\u00e8s des auteurs pr\u00e9sum\u00e9s de son assassinat a d\u00e9but\u00e9 lundi devant le tribunal militaire de Ouagadougou. \u00ab\u00a0C\u2019est un jour de v\u00e9rit\u00e9 pour moi, ma famille et [&hellip;]<\/p>\n","protected":false},"author":1760,"featured_media":0,"comment_status":"closed","ping_status":"closed","sticky":false,"template":"","format":"standard","meta":{"fifu_image_url":"","fifu_image_alt":"","footnotes":""},"categories":[73,54],"tags":[],"class_list":["post-129737","post","type-post","status-publish","format-standard","hentry","category-actualite","category-maroc"],"_links":{"self":[{"href":"https:\/\/linitiative.ca\/International\/wp-json\/wp\/v2\/posts\/129737","targetHints":{"allow":["GET"]}}],"collection":[{"href":"https:\/\/linitiative.ca\/International\/wp-json\/wp\/v2\/posts"}],"about":[{"href":"https:\/\/linitiative.ca\/International\/wp-json\/wp\/v2\/types\/post"}],"author":[{"embeddable":true,"href":"https:\/\/linitiative.ca\/International\/wp-json\/wp\/v2\/users\/1760"}],"replies":[{"embeddable":true,"href":"https:\/\/linitiative.ca\/International\/wp-json\/wp\/v2\/comments?post=129737"}],"version-history":[{"count":0,"href":"https:\/\/linitiative.ca\/International\/wp-json\/wp\/v2\/posts\/129737\/revisions"}],"wp:attachment":[{"href":"https:\/\/linitiative.ca\/International\/wp-json\/wp\/v2\/media?parent=129737"}],"wp:term":[{"taxonomy":"category","embeddable":true,"href":"https:\/\/linitiative.ca\/International\/wp-json\/wp\/v2\/categories?post=129737"},{"taxonomy":"post_tag","embeddable":true,"href":"https:\/\/linitiative.ca\/International\/wp-json\/wp\/v2\/tags?post=129737"}],"curies":[{"name":"wp","href":"https:\/\/api.w.org\/{rel}","templated":true}]}}