{"id":129739,"date":"2021-10-11T14:00:00","date_gmt":"2021-10-11T18:00:00","guid":{"rendered":"https:\/\/linitiative.ca\/International\/le-nobel-deconomie-a-un-trio-de-specialistes-en-experiences-naturelles\/"},"modified":"2021-10-11T14:00:00","modified_gmt":"2021-10-11T18:00:00","slug":"le-nobel-deconomie-a-un-trio-de-specialistes-en-experiences-naturelles","status":"publish","type":"post","link":"https:\/\/linitiative.ca\/International\/le-nobel-deconomie-a-un-trio-de-specialistes-en-experiences-naturelles\/","title":{"rendered":"Le Nobel d\u2019\u00e9conomie \u00e0 un trio de sp\u00e9cialistes en \u00abexp\u00e9riences naturelles\u00bb"},"content":{"rendered":"<div>\n<p class=\"has-text-align-center has-vivid-cyan-blue-color has-text-color\"><strong>Pour des travaux sur le march\u00e9 du travail, l\u2019immigration et l\u2019\u00e9ducation.<\/strong><\/p>\n<p class=\"has-black-color has-text-color\"><strong>Le Nobel d\u2019\u00e9conomie a sacr\u00e9 lundi trois sp\u00e9cialistes nord-am\u00e9ricains de l\u2019\u00e9conomie exp\u00e9rimentale, le Canadien David Card, Joshua Angrist et le N\u00e9erlandais Guido Imbens, qui ont permis d\u2019\u00e9clairer de nombreux domaines comme le march\u00e9 du travail, l\u2019immigration et l\u2019\u00e9ducation.<\/strong><\/p>\n<p class=\"has-black-color has-text-color\">Avec des \u00ab\u00a0exp\u00e9riences naturelles\u00a0\u00bb \u00e9voquant \u2013 seulement en partie \u2013 les essais cliniques en pharmacologie, le trio \u00ab\u00a0nous a apport\u00e9 de nouvelles id\u00e9es sur le march\u00e9 du travail et montr\u00e9 quelles conclusions peuvent en \u00eatre tir\u00e9es\u00a0\u00bb en termes de causes et de cons\u00e9quences, a salu\u00e9 le jury.<\/p>\n<p class=\"has-black-color has-text-color\">\u00ab\u00a0Leur approche s\u2019est \u00e9tendue \u00e0 d\u2019autres domaines et a r\u00e9volutionn\u00e9 la recherche empirique\u00a0\u00bb, a soulign\u00e9 le comit\u00e9 du 53e \u00ab\u00a0prix de la Banque de Su\u00e8de en sciences \u00e9conomiques \u00e0 la m\u00e9moire d\u2019Alfred Nobel\u00a0\u00bb.<\/p>\n<p class=\"has-black-color has-text-color\">Dernier n\u00e9 des fameux prix et le seul qui n\u2019\u00e9tait pas pr\u00e9vu par le testament de l\u2019inventeur su\u00e9dois, la r\u00e9compense d\u2019\u00e9conomie, remise depuis 1969, boucle une saison des Nobel tr\u00e8s masculine (12 hommes et une seule femme).<br \/>En comparant deux groupes t\u00e9moins, David Card, n\u00e9 en 1956, a notamment analys\u00e9 les effets du salaire minimum, de l\u2019immigration et de l\u2019\u00e9ducation sur le march\u00e9 du travail.<\/p>\n<p class=\"has-black-color has-text-color\">R\u00e9compens\u00e9 \u00ab\u00a0pour ses contributions empiriques \u00e0 l\u2019\u00e9conomie du travail\u00a0\u00bb, ce professeur \u00e0 l\u2019universit\u00e9 californienne de Berkeley re\u00e7oit la moiti\u00e9 du prix, dot\u00e9 de dix millions de couronnes (environ un million d\u2019euros).<br \/>\u00ab\u00a0Ses \u00e9tudes du d\u00e9but des ann\u00e9es 1990 ont remis en question les id\u00e9es re\u00e7ues, ce qui a conduit \u00e0 de nouvelles analyses et \u00e0 de nouvelles perspectives\u00a0\u00bb, a relev\u00e9 le jury Nobel.<\/p>\n<p class=\"has-black-color has-text-color\">Les r\u00e9sultats de ses recherches ont en particulier mis en exergue le fait que l\u2019augmentation du salaire minimum n\u2019entra\u00eene pas n\u00e9cessairement une diminution du nombre des emplois.<br \/>L\u2019autre moiti\u00e9 se partage entre Joshua Angrist, un enseignant au MIT de 61 ans, et Guido Imbens, un professeur \u00e0 Stanford de 58 ans et natif d\u2019Eindhoven (Pays-Bas).<\/p>\n<p class=\"has-black-color has-text-color\">Au milieu des ann\u00e9es 1990, leurs travaux ont permis de tirer des conclusions solides sur les causes et les effets pouvant \u00eatre tir\u00e9s d\u2019exp\u00e9riences naturelles, m\u00eame quand les participants ne sont pas contraints de participer \u00e0 la mesure ou au programme \u00e9tudi\u00e9, par exemple un changement de l\u00e9gislation.Ils ont ainsi pu conclure qu\u2019une ann\u00e9e suppl\u00e9mentaire d\u2019\u00e9tudes faisait augmenter en moyenne le salaire de 9%, ou encore que les Am\u00e9ricains n\u00e9s en derni\u00e8re partie d\u2019ann\u00e9e faisaient de meilleures \u00e9tudes.<\/p>\n<p class=\"has-black-color has-text-color\">\u00ab\u00a0Je suis absolument stup\u00e9fait\u00a0\u00bb, a t\u00e9moign\u00e9 Guido Imbens, joint au t\u00e9l\u00e9phone par la fondation Nobel. \u00ab\u00a0Josh Angrist \u00e9tait mon t\u00e9moin de mariage, c\u2019est donc un bon ami \u00e0 titre personnel et \u00e0 titre professionnel et je suis ravi de partager le prix avec lui et David\u00a0\u00bb, a-t-il confi\u00e9.<\/p>\n<p class=\"has-black-color has-text-color\">Les trois hommes faisaient partie des dizaines de noms envisag\u00e9s par des experts sond\u00e9s par l\u2019AFP.<br \/>L\u2019an pass\u00e9, le prix d\u2019\u00e9conomie avait sacr\u00e9 un duo am\u00e9ricain de sp\u00e9cialistes des ench\u00e8res, Paul Milgrom et Robert Wilson.<\/p>\n<p class=\"has-black-color has-text-color\">Parfois qualifi\u00e9 de \u00ab\u00a0faux Nobel\u00a0\u00bb car il n\u2019\u00e9tait pas pr\u00e9vu dans le testament fondateur d\u2019Alfred Nobel, le prix d\u2019\u00e9conomie est le plus masculin, avec seulement deux laur\u00e9ates parmi ses d\u00e9sormais 89 r\u00e9cipiendaires.<\/p>\n<p class=\"has-black-color has-text-color\">Il est aussi largement monopolis\u00e9 par des \u00e9conomistes am\u00e9ricains : il faut remonter \u00e0 1999 pour une ann\u00e9e sans que les Etats-Unis aient eu un laur\u00e9at en \u00e9conomie.<\/p>\n<p class=\"has-black-color has-text-color\">Le 53e prix d\u2019\u00e9conomie boucle une saison o\u00f9 les comit\u00e9s ont d\u00e9jou\u00e9 les pronostics d\u2019experts comme des parieurs, avec 12 laur\u00e9ats et une seule laur\u00e9ate.<\/p>\n<p>L\u2019article <a rel=\"nofollow\" href=\"http:\/\/albayane.press.ma\/le-nobel-deconomie-a-un-trio-de-specialistes-en-experiences-naturelles.html\">Le Nobel d\u2019\u00e9conomie \u00e0 un trio de sp\u00e9cialistes en \u00abexp\u00e9riences naturelles\u00bb<\/a> est apparu en premier sur <a rel=\"nofollow\" href=\"http:\/\/albayane.press.ma\/\">ALBAYANE<\/a>.<\/p>\n<\/div>\n<p>Auteur: M&rsquo;hammed rahal<br \/>\n<a href=\"http:\/\/albayane.press.ma\/le-nobel-deconomie-a-un-trio-de-specialistes-en-experiences-naturelles.html\">Cliquez ici pour lire l&rsquo;article depuis sa source.<\/a><\/p>\n","protected":false},"excerpt":{"rendered":"<p>Pour des travaux sur le march\u00e9 du travail, l\u2019immigration et l\u2019\u00e9ducation. Le Nobel d\u2019\u00e9conomie a sacr\u00e9 lundi trois sp\u00e9cialistes nord-am\u00e9ricains de l\u2019\u00e9conomie exp\u00e9rimentale, le Canadien David Card, Joshua Angrist et le N\u00e9erlandais Guido Imbens, qui ont permis d\u2019\u00e9clairer de nombreux domaines comme le march\u00e9 du travail, l\u2019immigration et l\u2019\u00e9ducation. Avec des \u00ab\u00a0exp\u00e9riences naturelles\u00a0\u00bb \u00e9voquant \u2013 [&hellip;]<\/p>\n","protected":false},"author":1760,"featured_media":0,"comment_status":"closed","ping_status":"closed","sticky":false,"template":"","format":"standard","meta":{"fifu_image_url":"","fifu_image_alt":"","footnotes":""},"categories":[73,54],"tags":[],"class_list":["post-129739","post","type-post","status-publish","format-standard","hentry","category-actualite","category-maroc"],"_links":{"self":[{"href":"https:\/\/linitiative.ca\/International\/wp-json\/wp\/v2\/posts\/129739","targetHints":{"allow":["GET"]}}],"collection":[{"href":"https:\/\/linitiative.ca\/International\/wp-json\/wp\/v2\/posts"}],"about":[{"href":"https:\/\/linitiative.ca\/International\/wp-json\/wp\/v2\/types\/post"}],"author":[{"embeddable":true,"href":"https:\/\/linitiative.ca\/International\/wp-json\/wp\/v2\/users\/1760"}],"replies":[{"embeddable":true,"href":"https:\/\/linitiative.ca\/International\/wp-json\/wp\/v2\/comments?post=129739"}],"version-history":[{"count":0,"href":"https:\/\/linitiative.ca\/International\/wp-json\/wp\/v2\/posts\/129739\/revisions"}],"wp:attachment":[{"href":"https:\/\/linitiative.ca\/International\/wp-json\/wp\/v2\/media?parent=129739"}],"wp:term":[{"taxonomy":"category","embeddable":true,"href":"https:\/\/linitiative.ca\/International\/wp-json\/wp\/v2\/categories?post=129739"},{"taxonomy":"post_tag","embeddable":true,"href":"https:\/\/linitiative.ca\/International\/wp-json\/wp\/v2\/tags?post=129739"}],"curies":[{"name":"wp","href":"https:\/\/api.w.org\/{rel}","templated":true}]}}