{"id":129740,"date":"2021-10-11T14:01:00","date_gmt":"2021-10-11T18:01:00","guid":{"rendered":"https:\/\/linitiative.ca\/International\/le-sg-de-lonu-denonce-les-obstructions-du-polisario-a-la-mise-en-oeuvre-du-mandat-de-la-minurso\/"},"modified":"2021-10-11T14:01:00","modified_gmt":"2021-10-11T18:01:00","slug":"le-sg-de-lonu-denonce-les-obstructions-du-polisario-a-la-mise-en-oeuvre-du-mandat-de-la-minurso","status":"publish","type":"post","link":"https:\/\/linitiative.ca\/International\/le-sg-de-lonu-denonce-les-obstructions-du-polisario-a-la-mise-en-oeuvre-du-mandat-de-la-minurso\/","title":{"rendered":"Le SG de l\u2019ONU d\u00e9nonce les obstructions du \u00abpolisario\u00bb \u00e0 la mise en \u0153uvre du mandat de la MINURSO"},"content":{"rendered":"<div>\n<p class=\"has-text-align-center has-vivid-cyan-blue-color has-text-color\"><strong>Dans son rapport au Conseil de s\u00e9curit\u00e9<\/strong><\/p>\n<p class=\"has-black-color has-text-color\"><strong>Le Secr\u00e9taire g\u00e9n\u00e9ral des Nations Unies, Antonio Guterres, a fermement d\u00e9nonc\u00e9, dans son rapport au Conseil de s\u00e9curit\u00e9 sur la question du Sahara marocain, les restrictions drastiques et inacceptables impos\u00e9es \u00e0 la MINURSO par le \u00abpolisario\u00bb, depuis son retrait unilat\u00e9ral du cessez-le-feu.<\/strong><\/p>\n<p class=\"has-black-color has-text-color\">Le rapport fustige le \u00ab polisario\u00bb pour ses obstructions \u00e0 la capacit\u00e9 de la MINURSO de s\u2019acquitter de sa mission principale de surveillance du cessez-le-feu, de contr\u00f4ler les milices de ce groupe arm\u00e9 et d\u2019observer directement la situation sur le terrain. M. Guterres a attir\u00e9 l\u2019attention du Conseil de s\u00e9curit\u00e9 que son Repr\u00e9sentant sp\u00e9cial et chef de la MINURSO ont protest\u00e9 \u00e0 maintes reprises contre ces restrictions. Malgr\u00e9 ces protestations, le \u00ab polisario\u00bb a continu\u00e9 d\u2019imposer des limitations importantes \u00e0 la libert\u00e9 de mouvement de la MINURSO, lui interdisant de r\u00e9aliser des missions logistiques et de maintenance\u2013 affectant la r\u00e9paration, maintenance et rotation des \u00e9quipements, ainsi que l\u2019approvisionnement m\u00eame de la Mission onusienne en fuel et produits alimentaires. Cette situation a pouss\u00e9 la MINURSO \u00e0 r\u00e9duire de 30% le nombre de ses observateurs militaires \u00e0 l\u2019Est du Dispositif de D\u00e9fense.<\/p>\n<p class=\"has-black-color has-text-color\">Le Secr\u00e9taire g\u00e9n\u00e9ral de l\u2019ONU a somm\u00e9 le mouvement s\u00e9paratiste de \u00ablever imm\u00e9diatement toutes les restrictions \u00e0 la libre circulation des convois terrestres, des moyens a\u00e9riens et du personnel de la MINURSO \u00e0 l\u2019Est du Dispositif de D\u00e9fense, et de permettre la libre circulation des services de logistique et de maintenance\u00bb.<\/p>\n<p>L\u2019article <a rel=\"nofollow\" href=\"http:\/\/albayane.press.ma\/le-sg-de-lonu-denonce-les-obstructions-du-polisario-a-la-mise-en-oeuvre-du-mandat-de-la-minurso.html\">Le SG de l\u2019ONU d\u00e9nonce les obstructions du \u00abpolisario\u00bb \u00e0 la mise en \u0153uvre du mandat de la MINURSO<\/a> est apparu en premier sur <a rel=\"nofollow\" href=\"http:\/\/albayane.press.ma\/\">ALBAYANE<\/a>.<\/p>\n<\/div>\n<p>Auteur: M&rsquo;hammed rahal<br \/>\n<a href=\"http:\/\/albayane.press.ma\/le-sg-de-lonu-denonce-les-obstructions-du-polisario-a-la-mise-en-oeuvre-du-mandat-de-la-minurso.html\">Cliquez ici pour lire l&rsquo;article depuis sa source.<\/a><\/p>\n","protected":false},"excerpt":{"rendered":"<p>Dans son rapport au Conseil de s\u00e9curit\u00e9 Le Secr\u00e9taire g\u00e9n\u00e9ral des Nations Unies, Antonio Guterres, a fermement d\u00e9nonc\u00e9, dans son rapport au Conseil de s\u00e9curit\u00e9 sur la question du Sahara marocain, les restrictions drastiques et inacceptables impos\u00e9es \u00e0 la MINURSO par le \u00abpolisario\u00bb, depuis son retrait unilat\u00e9ral du cessez-le-feu. Le rapport fustige le \u00ab polisario\u00bb [&hellip;]<\/p>\n","protected":false},"author":1760,"featured_media":0,"comment_status":"closed","ping_status":"closed","sticky":false,"template":"","format":"standard","meta":{"fifu_image_url":"","fifu_image_alt":"","footnotes":""},"categories":[73,54],"tags":[],"class_list":["post-129740","post","type-post","status-publish","format-standard","hentry","category-actualite","category-maroc"],"_links":{"self":[{"href":"https:\/\/linitiative.ca\/International\/wp-json\/wp\/v2\/posts\/129740","targetHints":{"allow":["GET"]}}],"collection":[{"href":"https:\/\/linitiative.ca\/International\/wp-json\/wp\/v2\/posts"}],"about":[{"href":"https:\/\/linitiative.ca\/International\/wp-json\/wp\/v2\/types\/post"}],"author":[{"embeddable":true,"href":"https:\/\/linitiative.ca\/International\/wp-json\/wp\/v2\/users\/1760"}],"replies":[{"embeddable":true,"href":"https:\/\/linitiative.ca\/International\/wp-json\/wp\/v2\/comments?post=129740"}],"version-history":[{"count":0,"href":"https:\/\/linitiative.ca\/International\/wp-json\/wp\/v2\/posts\/129740\/revisions"}],"wp:attachment":[{"href":"https:\/\/linitiative.ca\/International\/wp-json\/wp\/v2\/media?parent=129740"}],"wp:term":[{"taxonomy":"category","embeddable":true,"href":"https:\/\/linitiative.ca\/International\/wp-json\/wp\/v2\/categories?post=129740"},{"taxonomy":"post_tag","embeddable":true,"href":"https:\/\/linitiative.ca\/International\/wp-json\/wp\/v2\/tags?post=129740"}],"curies":[{"name":"wp","href":"https:\/\/api.w.org\/{rel}","templated":true}]}}