{"id":129744,"date":"2021-10-12T08:45:58","date_gmt":"2021-10-12T12:45:58","guid":{"rendered":"https:\/\/linitiative.ca\/International\/previsions-meteorologiques-du-mercredi-13-octobre-2021\/"},"modified":"2021-10-12T08:45:58","modified_gmt":"2021-10-12T12:45:58","slug":"previsions-meteorologiques-du-mercredi-13-octobre-2021","status":"publish","type":"post","link":"https:\/\/linitiative.ca\/International\/previsions-meteorologiques-du-mercredi-13-octobre-2021\/","title":{"rendered":"Pr\u00e9visions m\u00e9t\u00e9orologiques du mercredi 13 octobre 2021"},"content":{"rendered":"<div>\n<div style=\"margin-bottom:20px;\"><img loading=\"lazy\" decoding=\"async\" width=\"750\" height=\"430\" src=\"https:\/\/linitiative.ca\/International\/wp-content\/uploads\/sites\/23\/2021\/10\/mC3A9tC3A9o.jpg\" class=\"attachment-post-thumbnail size-post-thumbnail wp-post-image\" alt=\"\" srcset=\"https:\/\/linitiative.ca\/International\/wp-content\/uploads\/sites\/23\/2021\/10\/mC3A9tC3A9o.jpg 750w, http:\/\/www.mapmarrakech.ma\/map\/uploads\/2021\/10\/m\u00e9t\u00e9o-300x172.jpg 300w\" sizes=\"auto, (max-width: 750px) 100vw, 750px\"><\/div>\n<p>\u2013 Nuages bas denses avec formations brumeuses ou de bruine sur les c\u00f4tes, les plaines Nord et Centre, le Saiss, le Nord de l\u2019Oriental et les plateaux de Phosphates.<\/p>\n<p>\u2013 Temps passag\u00e8rement nuageux sur le Rif, le Haut et le Moyen Atlas et l\u2019Oriental avec possibilit\u00e9 de quelques gouttes \u00e9parses.<\/p>\n<p>\u2013 Ciel clair ou peu nuageux ailleurs.<\/p>\n<p>\u2013 Vent mod\u00e9r\u00e9 de secteur est sur le tang\u00e9rois et faible \u00e0 mod\u00e9r\u00e9 de secteur nord \u00e0 ouest pr\u00e9dominant ailleurs.<\/p>\n<p>\u2013 Temp\u00e9rature minimale en baisse, de l\u2019ordre de 07\/14\u00b0C sur les reliefs, de 20\/25\u00b0C sur les extr\u00eames Sud et Sud-Est du pays et de 14\/20\u00b0C partout ailleurs.<\/p>\n<p>\u2013 Temp\u00e9ratures maximales de l\u2019ordre de 32\/38\u00b0C sur l\u2019extr\u00eame Sud et le Sud-Est du pays, 27\/32\u00b0C sur l\u2019int\u00e9rieur de Souss, les plaines \u00e0 l\u2019Ouest de l\u2019Atlas, les plaines int\u00e9rieures Nord et Centre, 23\/27\u00b0C sur l\u2019Oriental, le Nord des provinces Sud et pr\u00e8s des c\u00f4tes et de 18\/23 sur les reliefs.<\/p>\n<p>\u2013 Mer belle \u00e0 peu agit\u00e9e sur la M\u00e9diterran\u00e9e, peu agit\u00e9e sur le D\u00e9troit, peu agit\u00e9e entre Tanger et Boujdour, devenant localement peu agit\u00e9e \u00e0 agit\u00e9e la nuit entre Tanger et Larache et entre Cap Sim et Tan Tan et peu agit\u00e9e \u00e0 agit\u00e9e au sud.<\/p>\n<p>The post <a rel=\"nofollow\" href=\"http:\/\/www.mapmarrakech.ma\/fr\/previsions-meteorologiques-du-mercredi-13-octobre-2021\/\">Pr\u00e9visions m\u00e9t\u00e9orologiques du mercredi 13 octobre 2021<\/a> appeared first on <a rel=\"nofollow\" href=\"http:\/\/www.mapmarrakech.ma\/fr\">MapMarrakech<\/a>.<\/p>\n<\/div>\n<p>Auteur: Meriem IGASS<br \/>\n<a href=\"http:\/\/www.mapmarrakech.ma\/fr\/previsions-meteorologiques-du-mercredi-13-octobre-2021\/\">Cliquez ici pour lire l&rsquo;article depuis sa source.<\/a><\/p>\n","protected":false},"excerpt":{"rendered":"<p>\u2013 Nuages bas denses avec formations brumeuses ou de bruine sur les c\u00f4tes, les plaines Nord et Centre, le Saiss, le Nord de l\u2019Oriental et les plateaux de Phosphates. \u2013 Temps passag\u00e8rement nuageux sur le Rif, le Haut et le Moyen Atlas et l\u2019Oriental avec possibilit\u00e9 de quelques gouttes \u00e9parses. \u2013 Ciel clair ou peu [&hellip;]<\/p>\n","protected":false},"author":1788,"featured_media":0,"comment_status":"closed","ping_status":"closed","sticky":false,"template":"","format":"standard","meta":{"fifu_image_url":"http:\/\/www.mapmarrakech.ma\/map\/uploads\/2021\/10\/m\u00e9t\u00e9o.jpg","fifu_image_alt":"Pr\u00e9visions m\u00e9t\u00e9orologiques du mercredi 13 octobre 2021","footnotes":""},"categories":[54,76],"tags":[],"class_list":["post-129744","post","type-post","status-publish","format-standard","hentry","category-maroc","category-regions"],"_links":{"self":[{"href":"https:\/\/linitiative.ca\/International\/wp-json\/wp\/v2\/posts\/129744","targetHints":{"allow":["GET"]}}],"collection":[{"href":"https:\/\/linitiative.ca\/International\/wp-json\/wp\/v2\/posts"}],"about":[{"href":"https:\/\/linitiative.ca\/International\/wp-json\/wp\/v2\/types\/post"}],"author":[{"embeddable":true,"href":"https:\/\/linitiative.ca\/International\/wp-json\/wp\/v2\/users\/1788"}],"replies":[{"embeddable":true,"href":"https:\/\/linitiative.ca\/International\/wp-json\/wp\/v2\/comments?post=129744"}],"version-history":[{"count":0,"href":"https:\/\/linitiative.ca\/International\/wp-json\/wp\/v2\/posts\/129744\/revisions"}],"wp:attachment":[{"href":"https:\/\/linitiative.ca\/International\/wp-json\/wp\/v2\/media?parent=129744"}],"wp:term":[{"taxonomy":"category","embeddable":true,"href":"https:\/\/linitiative.ca\/International\/wp-json\/wp\/v2\/categories?post=129744"},{"taxonomy":"post_tag","embeddable":true,"href":"https:\/\/linitiative.ca\/International\/wp-json\/wp\/v2\/tags?post=129744"}],"curies":[{"name":"wp","href":"https:\/\/api.w.org\/{rel}","templated":true}]}}