{"id":129755,"date":"2021-10-12T10:00:38","date_gmt":"2021-10-12T14:00:38","guid":{"rendered":"https:\/\/linitiative.ca\/International\/peche-hausse-de-la-valeur-des-produits-commercialises\/"},"modified":"2021-10-12T10:00:38","modified_gmt":"2021-10-12T14:00:38","slug":"peche-hausse-de-la-valeur-des-produits-commercialises","status":"publish","type":"post","link":"https:\/\/linitiative.ca\/International\/peche-hausse-de-la-valeur-des-produits-commercialises\/","title":{"rendered":"P\u00eache: Hausse de la valeur des produits commercialis\u00e9s"},"content":{"rendered":"<div>\n<div class=\"field field-name-body field-type-text-with-summary field-label-hidden\">\n<div class=\"field-items\">\n<div class=\"field-item even\" property=\"content:encoded\">\n<p class=\"rtejustify\">D<span style=\"text-align: justify;\">urant les neuf premiers mois de cette ann\u00e9e, l<\/span>es produits commercialis\u00e9s de la p\u00eache c\u00f4ti\u00e8re et artisanale ont affich\u00e9, en termes de valeur, une hausse de 30% \u00e0 pr\u00e8s de 6,83 milliards de dirhams (MMDH),\u00a0selon l&rsquo;Office national des p\u00eaches (ONP).<\/p>\n<\/div>\n<\/div>\n<\/div>\n<\/div>\n<p>Auteur: mbasraoui<br \/>\n<a href=\"https:\/\/www.leconomiste.com\/flash-infos\/peche-hausse-de-la-valeur-des-produits-commercialises-0\">Cliquez ici pour lire l&rsquo;article depuis sa source.<\/a><\/p>\n","protected":false},"excerpt":{"rendered":"<p>Durant les neuf premiers mois de cette ann\u00e9e, les produits commercialis\u00e9s de la p\u00eache c\u00f4ti\u00e8re et artisanale ont affich\u00e9, en termes de valeur, une hausse de 30% \u00e0 pr\u00e8s de 6,83 milliards de dirhams (MMDH),\u00a0selon l&rsquo;Office national des p\u00eaches (ONP). Auteur: mbasraoui Cliquez ici pour lire l&rsquo;article depuis sa source.<\/p>\n","protected":false},"author":1763,"featured_media":0,"comment_status":"closed","ping_status":"closed","sticky":false,"template":"","format":"standard","meta":{"fifu_image_url":"","fifu_image_alt":"","footnotes":""},"categories":[78,54],"tags":[],"class_list":["post-129755","post","type-post","status-publish","format-standard","hentry","category-economie","category-maroc"],"_links":{"self":[{"href":"https:\/\/linitiative.ca\/International\/wp-json\/wp\/v2\/posts\/129755","targetHints":{"allow":["GET"]}}],"collection":[{"href":"https:\/\/linitiative.ca\/International\/wp-json\/wp\/v2\/posts"}],"about":[{"href":"https:\/\/linitiative.ca\/International\/wp-json\/wp\/v2\/types\/post"}],"author":[{"embeddable":true,"href":"https:\/\/linitiative.ca\/International\/wp-json\/wp\/v2\/users\/1763"}],"replies":[{"embeddable":true,"href":"https:\/\/linitiative.ca\/International\/wp-json\/wp\/v2\/comments?post=129755"}],"version-history":[{"count":0,"href":"https:\/\/linitiative.ca\/International\/wp-json\/wp\/v2\/posts\/129755\/revisions"}],"wp:attachment":[{"href":"https:\/\/linitiative.ca\/International\/wp-json\/wp\/v2\/media?parent=129755"}],"wp:term":[{"taxonomy":"category","embeddable":true,"href":"https:\/\/linitiative.ca\/International\/wp-json\/wp\/v2\/categories?post=129755"},{"taxonomy":"post_tag","embeddable":true,"href":"https:\/\/linitiative.ca\/International\/wp-json\/wp\/v2\/tags?post=129755"}],"curies":[{"name":"wp","href":"https:\/\/api.w.org\/{rel}","templated":true}]}}