{"id":129778,"date":"2021-10-12T12:53:00","date_gmt":"2021-10-12T16:53:00","guid":{"rendered":"https:\/\/linitiative.ca\/International\/ahlem-gharbi-nouvelle-directrice-generale-de-linstitut-francais-dalgerie\/"},"modified":"2021-10-12T12:53:00","modified_gmt":"2021-10-12T16:53:00","slug":"ahlem-gharbi-nouvelle-directrice-generale-de-linstitut-francais-dalgerie","status":"publish","type":"post","link":"https:\/\/linitiative.ca\/International\/ahlem-gharbi-nouvelle-directrice-generale-de-linstitut-francais-dalgerie\/","title":{"rendered":"Ahlem Gharbi, nouvelle directrice g\u00e9n\u00e9rale de l\u2019Institut fran\u00e7ais d\u2019Alg\u00e9rie"},"content":{"rendered":"<div><img decoding=\"async\" src=\"https:\/\/linitiative.ca\/International\/wp-content\/uploads\/sites\/23\/2021\/10\/1634054877_article.jpg\" alt=\"Ahlem Gharbi, nouvelle directrice g\u00e9n\u00e9rale de l\u2019Institut fran\u00e7ais d\u2019Alg\u00e9rie\" align=\"left\">Sacr\u00e9 brillant parcours pour cette native de Bizerte. Diplomate de carri\u00e8re, Ahlem Gharbi avait \u00e9t\u00e9 conseill\u00e8re technique Afrique du Nord \u2013 Moyen-Orient aupr\u00e8s de la cellule diplomatique \u00e0 l\u2019\u00c9lys\u00e9e (2017-2019). Elle vient d\u2019\u00eatre nomm\u00e9e directrice g\u00e9n\u00e9rale de l\u2019Institut fran\u00e7ais d\u2019Alg\u00e9rie et conseill\u00e8re culturelle de l\u2019ambassade de France \u00e0 Alger. Souhaitant donner une nouvelle orientation \u00e0 sa carri\u00e8re apr\u00e8s son exp\u00e9rience \u00e0 l\u2019\u00c9lys\u00e9e, elle avait rejoint l\u2019Agence fran\u00e7aise de d\u00e9veloppement (AFD) en tant que directrice des Partenariats.<br \/>\nAhlem Gharbi repart \u00e0 pr\u00e9sent en poste diplomatique \u00e0 l\u2019\u00e9tranger, traversant de nouveau la M\u00e9diterran\u00e9e &#8230;<\/p>\n<\/div>\n<p>Auteur:<br \/>\n<a href=\"https:\/\/www.leaders.com.tn\/article\/32523-ahlem-gharbi-nouvelle-directrice-generale-de-l-institut-francais-d-algerie\">Cliquez ici pour lire l&rsquo;article depuis sa source.<\/a><\/p>\n","protected":false},"excerpt":{"rendered":"<p>Sacr\u00e9 brillant parcours pour cette native de Bizerte. Diplomate de carri\u00e8re, Ahlem Gharbi avait \u00e9t\u00e9 conseill\u00e8re technique Afrique du Nord \u2013 Moyen-Orient aupr\u00e8s de la cellule diplomatique \u00e0 l\u2019\u00c9lys\u00e9e (2017-2019). Elle vient d\u2019\u00eatre nomm\u00e9e directrice g\u00e9n\u00e9rale de l\u2019Institut fran\u00e7ais d\u2019Alg\u00e9rie et conseill\u00e8re culturelle de l\u2019ambassade de France \u00e0 Alger. Souhaitant donner une nouvelle orientation \u00e0 [&hellip;]<\/p>\n","protected":false},"author":1772,"featured_media":0,"comment_status":"closed","ping_status":"closed","sticky":false,"template":"","format":"standard","meta":{"fifu_image_url":"http:\/\/www.leaders.com.tn\/uploads\/content\/thumbnails_small\/1634054877_article.jpg","fifu_image_alt":"Ahlem Gharbi, nouvelle directrice g\u00e9n\u00e9rale de l\u2019Institut fran\u00e7ais d\u2019Alg\u00e9rie","footnotes":""},"categories":[73,55],"tags":[],"class_list":["post-129778","post","type-post","status-publish","format-standard","hentry","category-actualite","category-tunisie"],"_links":{"self":[{"href":"https:\/\/linitiative.ca\/International\/wp-json\/wp\/v2\/posts\/129778","targetHints":{"allow":["GET"]}}],"collection":[{"href":"https:\/\/linitiative.ca\/International\/wp-json\/wp\/v2\/posts"}],"about":[{"href":"https:\/\/linitiative.ca\/International\/wp-json\/wp\/v2\/types\/post"}],"author":[{"embeddable":true,"href":"https:\/\/linitiative.ca\/International\/wp-json\/wp\/v2\/users\/1772"}],"replies":[{"embeddable":true,"href":"https:\/\/linitiative.ca\/International\/wp-json\/wp\/v2\/comments?post=129778"}],"version-history":[{"count":0,"href":"https:\/\/linitiative.ca\/International\/wp-json\/wp\/v2\/posts\/129778\/revisions"}],"wp:attachment":[{"href":"https:\/\/linitiative.ca\/International\/wp-json\/wp\/v2\/media?parent=129778"}],"wp:term":[{"taxonomy":"category","embeddable":true,"href":"https:\/\/linitiative.ca\/International\/wp-json\/wp\/v2\/categories?post=129778"},{"taxonomy":"post_tag","embeddable":true,"href":"https:\/\/linitiative.ca\/International\/wp-json\/wp\/v2\/tags?post=129778"}],"curies":[{"name":"wp","href":"https:\/\/api.w.org\/{rel}","templated":true}]}}