{"id":129780,"date":"2021-10-12T14:21:00","date_gmt":"2021-10-12T18:21:00","guid":{"rendered":"https:\/\/linitiative.ca\/International\/sommet-francophone-les-coulisses-dun-report-a-2022-mais-toujours-a-djerba\/"},"modified":"2021-10-12T14:21:00","modified_gmt":"2021-10-12T18:21:00","slug":"sommet-francophone-les-coulisses-dun-report-a-2022-mais-toujours-a-djerba","status":"publish","type":"post","link":"https:\/\/linitiative.ca\/International\/sommet-francophone-les-coulisses-dun-report-a-2022-mais-toujours-a-djerba\/","title":{"rendered":"Sommet francophone : les coulisses d\u2019un report \u00e0 2022\u2026 mais toujours \u00e0 Djerba"},"content":{"rendered":"<div><img decoding=\"async\" src=\"https:\/\/linitiative.ca\/International\/wp-content\/uploads\/sites\/23\/2021\/10\/1634059302_article.jpg\" alt=\"Sommet francophone : les coulisses d\u2019un report \u00e0 2022\u2026 mais toujours \u00e0 Djerba\" align=\"left\">Retard dans la pr\u00e9paration?\u00a0Vents contraires?\u00a0Ou d&rsquo;autres raisons?\u00a0\u00c9clairage. Le 18\u00e8me sommet mondial de la Francophonie, pr\u00e9vu les 20 et 21 novembre prochain \u00e0 Djerba s\u2019achemine vers un report d\u2019une ann\u00e9e, avec maintien du lieu de sa tenue dans l\u2019\u00eele tunisienne, en 2022. C\u2019est ce qu\u2019a recommand\u00e9 le conseil permanent de la Francophonie (CPF), de l\u2019Organisation internationale de la Francophonie (OIF) lors de sa r\u00e9union par visioconf\u00e9rence mardi 12 octobre 2021. Charg\u00e9e de la pr\u00e9paration et du suivi du sommet, cette instance regroupe notamment les repr\u00e9sentants personnels des chefs d\u2019\u00c9tat et de gouvernement. Sa recommandation de reporter le sommet de Djerba sera &#8230;<\/p>\n<\/div>\n<p>Auteur:<br \/>\n<a href=\"https:\/\/www.leaders.com.tn\/article\/32524-sommet-francophone-les-coulisses-d-un-report-a-2022-mais-toujours-a-djerba\">Cliquez ici pour lire l&rsquo;article depuis sa source.<\/a><\/p>\n","protected":false},"excerpt":{"rendered":"<p>Retard dans la pr\u00e9paration?\u00a0Vents contraires?\u00a0Ou d&rsquo;autres raisons?\u00a0\u00c9clairage. Le 18\u00e8me sommet mondial de la Francophonie, pr\u00e9vu les 20 et 21 novembre prochain \u00e0 Djerba s\u2019achemine vers un report d\u2019une ann\u00e9e, avec maintien du lieu de sa tenue dans l\u2019\u00eele tunisienne, en 2022. C\u2019est ce qu\u2019a recommand\u00e9 le conseil permanent de la Francophonie (CPF), de l\u2019Organisation internationale [&hellip;]<\/p>\n","protected":false},"author":1772,"featured_media":0,"comment_status":"closed","ping_status":"closed","sticky":false,"template":"","format":"standard","meta":{"fifu_image_url":"http:\/\/www.leaders.com.tn\/uploads\/content\/thumbnails_small\/1634059302_article.jpg","fifu_image_alt":"Sommet francophone : les coulisses d\u2019un report \u00e0 2022\u2026 mais toujours \u00e0 Djerba","footnotes":""},"categories":[73,55],"tags":[],"class_list":["post-129780","post","type-post","status-publish","format-standard","hentry","category-actualite","category-tunisie"],"_links":{"self":[{"href":"https:\/\/linitiative.ca\/International\/wp-json\/wp\/v2\/posts\/129780","targetHints":{"allow":["GET"]}}],"collection":[{"href":"https:\/\/linitiative.ca\/International\/wp-json\/wp\/v2\/posts"}],"about":[{"href":"https:\/\/linitiative.ca\/International\/wp-json\/wp\/v2\/types\/post"}],"author":[{"embeddable":true,"href":"https:\/\/linitiative.ca\/International\/wp-json\/wp\/v2\/users\/1772"}],"replies":[{"embeddable":true,"href":"https:\/\/linitiative.ca\/International\/wp-json\/wp\/v2\/comments?post=129780"}],"version-history":[{"count":0,"href":"https:\/\/linitiative.ca\/International\/wp-json\/wp\/v2\/posts\/129780\/revisions"}],"wp:attachment":[{"href":"https:\/\/linitiative.ca\/International\/wp-json\/wp\/v2\/media?parent=129780"}],"wp:term":[{"taxonomy":"category","embeddable":true,"href":"https:\/\/linitiative.ca\/International\/wp-json\/wp\/v2\/categories?post=129780"},{"taxonomy":"post_tag","embeddable":true,"href":"https:\/\/linitiative.ca\/International\/wp-json\/wp\/v2\/tags?post=129780"}],"curies":[{"name":"wp","href":"https:\/\/api.w.org\/{rel}","templated":true}]}}