{"id":129787,"date":"2021-10-12T08:29:55","date_gmt":"2021-10-12T12:29:55","guid":{"rendered":"https:\/\/linitiative.ca\/International\/chambre-des-representants-deux-seances-plenieres-mercredi-consacrees-a-la-discussion-et-au-vote-du-programme-gouvernemental\/"},"modified":"2021-10-12T08:29:55","modified_gmt":"2021-10-12T12:29:55","slug":"chambre-des-representants-deux-seances-plenieres-mercredi-consacrees-a-la-discussion-et-au-vote-du-programme-gouvernemental","status":"publish","type":"post","link":"https:\/\/linitiative.ca\/International\/chambre-des-representants-deux-seances-plenieres-mercredi-consacrees-a-la-discussion-et-au-vote-du-programme-gouvernemental\/","title":{"rendered":"Chambre des repr\u00e9sentants: deux s\u00e9ances pl\u00e9ni\u00e8res mercredi consacr\u00e9es \u00e0 la discussion et au vote du programme gouvernemental"},"content":{"rendered":"<div><img decoding=\"async\" width=\"592\" height=\"296\" src=\"https:\/\/linitiative.ca\/International\/wp-content\/uploads\/sites\/23\/2021\/10\/parlm.jpg\" class=\"attachment-post-thumbnail size-post-thumbnail wp-post-image\" alt=\"\" loading=\"lazy\" srcset=\"https:\/\/linitiative.ca\/International\/wp-content\/uploads\/sites\/23\/2021\/10\/parlm.jpg 592w, https:\/\/www.challenge.ma\/wp-content\/uploads\/2021\/10\/parlm-300x150.jpg 300w, https:\/\/www.challenge.ma\/wp-content\/uploads\/2021\/10\/parlm-360x180.jpg 360w\" sizes=\"auto, (max-width: 592px) 100vw, 592px\" itemprop=\"image\">La Chambre des repr\u00e9sentants tiendra mercredi deux s\u00e9ances pl\u00e9ni\u00e8res consacr\u00e9es \u00e0 la discussion et au vote du programme gouvernemental. Ainsi, une s\u00e9ance pl\u00e9ni\u00e8re sera tenue mercredi \u00e0 10h00 pour la discussion du programme gouvernemental, indique mardi un communiqu\u00e9 de la premi\u00e8re Chambre. La m\u00eame source pr\u00e9cise que la Chambre des<\/div>\n<p>Auteur: challenge<br \/>\n<a href=\"https:\/\/www.challenge.ma\/chambre-des-representants-deux-seances-plenieres-mercredi-consacrees-a-la-discussion-et-au-vote-du-programme-gouvernemental-223326\/\">Cliquez ici pour lire l&rsquo;article depuis sa source.<\/a><\/p>\n","protected":false},"excerpt":{"rendered":"<p>La Chambre des repr\u00e9sentants tiendra mercredi deux s\u00e9ances pl\u00e9ni\u00e8res consacr\u00e9es \u00e0 la discussion et au vote du programme gouvernemental. Ainsi, une s\u00e9ance pl\u00e9ni\u00e8re sera tenue mercredi \u00e0 10h00 pour la discussion du programme gouvernemental, indique mardi un communiqu\u00e9 de la premi\u00e8re Chambre. La m\u00eame source pr\u00e9cise que la Chambre des Auteur: challenge Cliquez ici pour [&hellip;]<\/p>\n","protected":false},"author":1787,"featured_media":0,"comment_status":"closed","ping_status":"closed","sticky":false,"template":"","format":"standard","meta":{"fifu_image_url":"https:\/\/www.challenge.ma\/wp-content\/uploads\/2021\/10\/parlm.jpg","fifu_image_alt":"Chambre des repr\u00e9sentants: deux s\u00e9ances pl\u00e9ni\u00e8res mercredi consacr\u00e9es \u00e0 la discussion et au vote du programme gouvernemental","footnotes":""},"categories":[78,54],"tags":[],"class_list":["post-129787","post","type-post","status-publish","format-standard","hentry","category-economie","category-maroc"],"_links":{"self":[{"href":"https:\/\/linitiative.ca\/International\/wp-json\/wp\/v2\/posts\/129787","targetHints":{"allow":["GET"]}}],"collection":[{"href":"https:\/\/linitiative.ca\/International\/wp-json\/wp\/v2\/posts"}],"about":[{"href":"https:\/\/linitiative.ca\/International\/wp-json\/wp\/v2\/types\/post"}],"author":[{"embeddable":true,"href":"https:\/\/linitiative.ca\/International\/wp-json\/wp\/v2\/users\/1787"}],"replies":[{"embeddable":true,"href":"https:\/\/linitiative.ca\/International\/wp-json\/wp\/v2\/comments?post=129787"}],"version-history":[{"count":0,"href":"https:\/\/linitiative.ca\/International\/wp-json\/wp\/v2\/posts\/129787\/revisions"}],"wp:attachment":[{"href":"https:\/\/linitiative.ca\/International\/wp-json\/wp\/v2\/media?parent=129787"}],"wp:term":[{"taxonomy":"category","embeddable":true,"href":"https:\/\/linitiative.ca\/International\/wp-json\/wp\/v2\/categories?post=129787"},{"taxonomy":"post_tag","embeddable":true,"href":"https:\/\/linitiative.ca\/International\/wp-json\/wp\/v2\/tags?post=129787"}],"curies":[{"name":"wp","href":"https:\/\/api.w.org\/{rel}","templated":true}]}}