{"id":129789,"date":"2021-10-12T09:07:36","date_gmt":"2021-10-12T13:07:36","guid":{"rendered":"https:\/\/linitiative.ca\/International\/cannabis-medical-une-1ere-conference-internationale-a-tanger\/"},"modified":"2021-10-12T09:07:36","modified_gmt":"2021-10-12T13:07:36","slug":"cannabis-medical-une-1ere-conference-internationale-a-tanger","status":"publish","type":"post","link":"https:\/\/linitiative.ca\/International\/cannabis-medical-une-1ere-conference-internationale-a-tanger\/","title":{"rendered":"Cannabis m\u00e9dical: une 1\u00e8re conf\u00e9rence internationale \u00e0 Tanger"},"content":{"rendered":"<div><img decoding=\"async\" width=\"788\" height=\"525\" src=\"https:\/\/linitiative.ca\/International\/wp-content\/uploads\/sites\/23\/2021\/10\/cannaa.png\" class=\"attachment-post-thumbnail size-post-thumbnail wp-post-image\" alt=\"\" loading=\"lazy\" srcset=\"https:\/\/linitiative.ca\/International\/wp-content\/uploads\/sites\/23\/2021\/10\/cannaa.png 788w, https:\/\/www.challenge.ma\/wp-content\/uploads\/2021\/10\/cannaa-300x200.png 300w, https:\/\/www.challenge.ma\/wp-content\/uploads\/2021\/10\/cannaa-768x512.png 768w, https:\/\/www.challenge.ma\/wp-content\/uploads\/2021\/10\/cannaa-360x240.png 360w, https:\/\/www.challenge.ma\/wp-content\/uploads\/2021\/10\/cannaa-750x500.png 750w\" sizes=\"auto, (max-width: 788px) 100vw, 788px\" itemprop=\"image\">La 1\u00e8re Conf\u00e9rence internationale sur les potentialit\u00e9s th\u00e9rapeutiques et industrielles du chanvre au Maroc sera organis\u00e9e, du 22 au 24 octobre \u00e0 Tanger, avec la participation de nombre de scientifiques et de chercheurs. Organis\u00e9e par l\u2019Association marocaine consultative d\u2019utilisation du cannabis (AMCUC), cette conf\u00e9rence s\u2019inscrit dans le cadre des efforts<\/div>\n<p>Auteur: challenge<br \/>\n<a href=\"https:\/\/www.challenge.ma\/cannabis-medical-une-1ere-conference-internationale-a-tanger-223330\/\">Cliquez ici pour lire l&rsquo;article depuis sa source.<\/a><\/p>\n","protected":false},"excerpt":{"rendered":"<p>La 1\u00e8re Conf\u00e9rence internationale sur les potentialit\u00e9s th\u00e9rapeutiques et industrielles du chanvre au Maroc sera organis\u00e9e, du 22 au 24 octobre \u00e0 Tanger, avec la participation de nombre de scientifiques et de chercheurs. Organis\u00e9e par l\u2019Association marocaine consultative d\u2019utilisation du cannabis (AMCUC), cette conf\u00e9rence s\u2019inscrit dans le cadre des efforts Auteur: challenge Cliquez ici pour [&hellip;]<\/p>\n","protected":false},"author":1787,"featured_media":0,"comment_status":"closed","ping_status":"closed","sticky":false,"template":"","format":"standard","meta":{"fifu_image_url":"https:\/\/www.challenge.ma\/wp-content\/uploads\/2021\/10\/cannaa.png","fifu_image_alt":"Cannabis m\u00e9dical: une 1\u00e8re conf\u00e9rence internationale \u00e0 Tanger","footnotes":""},"categories":[78,54],"tags":[],"class_list":["post-129789","post","type-post","status-publish","format-standard","hentry","category-economie","category-maroc"],"_links":{"self":[{"href":"https:\/\/linitiative.ca\/International\/wp-json\/wp\/v2\/posts\/129789","targetHints":{"allow":["GET"]}}],"collection":[{"href":"https:\/\/linitiative.ca\/International\/wp-json\/wp\/v2\/posts"}],"about":[{"href":"https:\/\/linitiative.ca\/International\/wp-json\/wp\/v2\/types\/post"}],"author":[{"embeddable":true,"href":"https:\/\/linitiative.ca\/International\/wp-json\/wp\/v2\/users\/1787"}],"replies":[{"embeddable":true,"href":"https:\/\/linitiative.ca\/International\/wp-json\/wp\/v2\/comments?post=129789"}],"version-history":[{"count":0,"href":"https:\/\/linitiative.ca\/International\/wp-json\/wp\/v2\/posts\/129789\/revisions"}],"wp:attachment":[{"href":"https:\/\/linitiative.ca\/International\/wp-json\/wp\/v2\/media?parent=129789"}],"wp:term":[{"taxonomy":"category","embeddable":true,"href":"https:\/\/linitiative.ca\/International\/wp-json\/wp\/v2\/categories?post=129789"},{"taxonomy":"post_tag","embeddable":true,"href":"https:\/\/linitiative.ca\/International\/wp-json\/wp\/v2\/tags?post=129789"}],"curies":[{"name":"wp","href":"https:\/\/api.w.org\/{rel}","templated":true}]}}