{"id":12979,"date":"2019-02-11T11:51:51","date_gmt":"2019-02-11T16:51:51","guid":{"rendered":"https:\/\/linitiative.ca\/International\/semaine-nationale-de-lartisanat-lancement-officiel-de-la-journee-portes-ouvertes-dans-les-etablissements-de-formation-professionnelle-des-arts-traditionnels\/"},"modified":"2019-02-11T11:51:51","modified_gmt":"2019-02-11T16:51:51","slug":"semaine-nationale-de-lartisanat-lancement-officiel-de-la-journee-portes-ouvertes-dans-les-etablissements-de-formation-professionnelle-des-arts-traditionnels","status":"publish","type":"post","link":"https:\/\/linitiative.ca\/International\/semaine-nationale-de-lartisanat-lancement-officiel-de-la-journee-portes-ouvertes-dans-les-etablissements-de-formation-professionnelle-des-arts-traditionnels\/","title":{"rendered":"Semaine nationale de l\u2019artisanat : Lancement officiel de la journ\u00e9e Portes ouvertes dans les \u00e9tablissements de formation professionnelle des Arts traditionnels"},"content":{"rendered":"<p>Marrakech, 11\/02\/2019 (MAP), Le minist\u00e8re du Tourisme, du Transport a\u00e9rien, de l\u2019Artisanat et de l\u2019Economie sociale a proc\u00e9d\u00e9 lundi, \u00e0 Marrakech, au lancement officiel d\u2019une journ\u00e9e Portes ouvertes dans les \u00e9tablissements de formation professionnelle des Arts traditionnels en marge de la 5\u00e8 \u00e9dition de la Semaine nationale de l\u2019artisanat (09-17 f\u00e9vrier).<\/p>\n<p>Cette journ\u00e9e s\u2019assigne pour objectifs d\u2019informer sur le dispositif de formation professionnelle dans les m\u00e9tiers de l\u2019artisanat, pr\u00e9senter le bilan de la formation initiale et de la formation continue des artisans, promouvoir les m\u00e9tiers de l\u2019artisanat aupr\u00e8s des jeunes afin d\u2019accro\u00eetre l\u2019affluence dans les \u00e9tablissements de formation professionnelle et informer les jeunes d\u00e9sirant se former dans un des m\u00e9tiers d\u2019artisanat sur les offres de formation et les opportunit\u00e9s d\u2019emploi.<\/p>\n<p>Cet \u00e9v\u00e9nement a \u00e9t\u00e9 l\u2019occasion de pr\u00e9senter des mod\u00e8les de partenariat fructueux avec les universit\u00e9s marocaines dans le domaine du renforcement des capacit\u00e9s professionnelles des artisans, tel que celui r\u00e9alis\u00e9 avec l\u2019Universit\u00e9 Mohammed Ben Abdellah de F\u00e8s sur la tannerie v\u00e9g\u00e9tale.<\/p>\n<p>En outre, des troph\u00e9es ont \u00e9t\u00e9 d\u00e9cern\u00e9s aux meilleurs \u00e9tablissements de formation, formateurs et laur\u00e9ats, et des certificats ont \u00e9t\u00e9 remis aux artisans ayant b\u00e9n\u00e9fici\u00e9 des cycles de formation continue.<\/p>\n<p>A rappeler que des journ\u00e9es portes ouvertes seront organis\u00e9es le samedi prochain dans tous les \u00e9tablissements de formation dans les arts traditionnels avec la participation des partenaires locaux et des professionnels.<\/p>\n<p>Plac\u00e9e sous le Haut Patronage de SM le Roi Mohammed VI et organis\u00e9e par le minist\u00e8re du Tourisme, du Transport a\u00e9rien, de l\u2019Artisanat et de l\u2019Economie sociale en partenariat avec la Maison de l\u2019Artisan, la Semaine Nationale de l\u2019Artisanat est un \u00e9v\u00e9nement phare, qui offre l\u2019occasion de mettre en valeur l\u2019apport tr\u00e8s important du secteur de l\u2019artisanat au progr\u00e8s et au d\u00e9veloppement de l\u2019\u00e9conomie nationale, traduit par le renforcement de la coh\u00e9sion sociale, la cr\u00e9ation de richesse ainsi que l\u2019offre de nombreuses opportunit\u00e9s de carri\u00e8res et de perspectives professionnelles, ouvertes aux jeunes et aux moins jeunes mais aussi de rappeler sa contribution \u00e0 la qualit\u00e9 de vie et \u00e0 l\u2019art de vivre marocain.<\/p>\n<p>La surface d\u2019exposition (50.000 m2), am\u00e9nag\u00e9e \u00e0 l\u2019Esplanade Bab Jdid, est subdivis\u00e9e en 12 espaces distincts, centralis\u00e9s par des portes refl\u00e9tant les caract\u00e9ristiques culturelles et artisanales de chaque r\u00e9gion du Royaume. De plus, un espace de 600 m2 est d\u00e9di\u00e9 \u00e0 l\u2019artisanat de prestige.<\/p>\n<p>La journ\u00e9e d\u2019ouverture de cette manifestation a \u00e9t\u00e9 marqu\u00e9e par l\u2019organisation d\u2019un carnaval, qui a sillonn\u00e9 les grandes art\u00e8res de la ville de Marrakech.<\/p>\n<p>Les organisateurs pr\u00e9voient un autre carnaval le 13 courant ainsi que des d\u00e9fil\u00e9s de mode et des ateliers d\u00e9di\u00e9s aux enfants, mettant en sc\u00e8ne des artisans au travail.<\/p>\n<p>Parall\u00e8lement, la 5\u00e8me \u00e9dition propose une programmation riche et instructive, rythm\u00e9e notamment par la 8\u00e8me Rencontre sur la pr\u00e9servation des m\u00e9tiers de l\u2019Artisanat marocain, le 2\u00e8 colloque national th\u00e9matique : La fili\u00e8re bijouterie\/ joaillerie, la Journ\u00e9e Nationale sur les Exportations, les Cycles de formation en faveur des acteurs du secteur de l\u2019artisanat sur les diff\u00e9rentes techniques de commercialisation des produits, ainsi que des sessions de formation dans l\u2019Education financi\u00e8re au profit des Dours Assan\u00e2a.<\/p>\n","protected":false},"excerpt":{"rendered":"<p>Marrakech, 11\/02\/2019 (MAP), Le minist\u00e8re du Tourisme, du Transport a\u00e9rien, de l\u2019Artisanat et de l\u2019Economie sociale a proc\u00e9d\u00e9 lundi, \u00e0 Marrakech, au lancement officiel d\u2019une journ\u00e9e Portes ouvertes dans les \u00e9tablissements de formation professionnelle des Arts traditionnels en marge de la 5\u00e8 \u00e9dition de la Semaine nationale de l\u2019artisanat (09-17 f\u00e9vrier). Cette journ\u00e9e s\u2019assigne pour [&hellip;]<\/p>\n","protected":false},"author":1788,"featured_media":0,"comment_status":"closed","ping_status":"closed","sticky":false,"template":"","format":"standard","meta":{"fifu_image_url":"","fifu_image_alt":"","footnotes":""},"categories":[54,76],"tags":[],"class_list":["post-12979","post","type-post","status-publish","format-standard","hentry","category-maroc","category-regions"],"_links":{"self":[{"href":"https:\/\/linitiative.ca\/International\/wp-json\/wp\/v2\/posts\/12979","targetHints":{"allow":["GET"]}}],"collection":[{"href":"https:\/\/linitiative.ca\/International\/wp-json\/wp\/v2\/posts"}],"about":[{"href":"https:\/\/linitiative.ca\/International\/wp-json\/wp\/v2\/types\/post"}],"author":[{"embeddable":true,"href":"https:\/\/linitiative.ca\/International\/wp-json\/wp\/v2\/users\/1788"}],"replies":[{"embeddable":true,"href":"https:\/\/linitiative.ca\/International\/wp-json\/wp\/v2\/comments?post=12979"}],"version-history":[{"count":0,"href":"https:\/\/linitiative.ca\/International\/wp-json\/wp\/v2\/posts\/12979\/revisions"}],"wp:attachment":[{"href":"https:\/\/linitiative.ca\/International\/wp-json\/wp\/v2\/media?parent=12979"}],"wp:term":[{"taxonomy":"category","embeddable":true,"href":"https:\/\/linitiative.ca\/International\/wp-json\/wp\/v2\/categories?post=12979"},{"taxonomy":"post_tag","embeddable":true,"href":"https:\/\/linitiative.ca\/International\/wp-json\/wp\/v2\/tags?post=12979"}],"curies":[{"name":"wp","href":"https:\/\/api.w.org\/{rel}","templated":true}]}}