{"id":129791,"date":"2021-10-12T09:46:35","date_gmt":"2021-10-12T13:46:35","guid":{"rendered":"https:\/\/linitiative.ca\/International\/covid-19-neuvieme-semaine-de-baisse-du-nombre-des-cas-positifs-ministere-de-la-sante\/"},"modified":"2021-10-12T09:46:35","modified_gmt":"2021-10-12T13:46:35","slug":"covid-19-neuvieme-semaine-de-baisse-du-nombre-des-cas-positifs-ministere-de-la-sante","status":"publish","type":"post","link":"https:\/\/linitiative.ca\/International\/covid-19-neuvieme-semaine-de-baisse-du-nombre-des-cas-positifs-ministere-de-la-sante\/","title":{"rendered":"Covid-19: Neuvi\u00e8me semaine de baisse du nombre des cas positifs [minist\u00e8re de la Sant\u00e9]"},"content":{"rendered":"<div><img decoding=\"async\" width=\"504\" height=\"300\" src=\"https:\/\/linitiative.ca\/International\/wp-content\/uploads\/sites\/23\/2021\/10\/covid.jpg\" class=\"attachment-post-thumbnail size-post-thumbnail wp-post-image\" alt=\"\" loading=\"lazy\" srcset=\"https:\/\/linitiative.ca\/International\/wp-content\/uploads\/sites\/23\/2021\/10\/covid.jpg 504w, https:\/\/www.challenge.ma\/wp-content\/uploads\/2021\/10\/covid-300x179.jpg 300w, https:\/\/www.challenge.ma\/wp-content\/uploads\/2021\/10\/covid-360x214.jpg 360w\" sizes=\"auto, (max-width: 504px) 100vw, 504px\" itemprop=\"image\">Les cas positifs de Covid-19 enregistrent une tendance baissi\u00e8re pour la neuvi\u00e8me semaine cons\u00e9cutive dans toutes les r\u00e9gions du Royaume, a annonc\u00e9 mardi le minist\u00e8re de la Sant\u00e9, affirmant que cette situation \u201cs\u2019applique \u00e0 tous les autres indicateurs\u201d. En pr\u00e9sentant le bilan bi-mensuel de la situation \u00e9pid\u00e9miologique (28 septembre\/11 octobre),<\/div>\n<p>Auteur: challenge<br \/>\n<a href=\"https:\/\/www.challenge.ma\/covid-19-neuvieme-semaine-de-baisse-du-nombre-des-cas-positifs-ministere-de-la-sante-223336\/\">Cliquez ici pour lire l&rsquo;article depuis sa source.<\/a><\/p>\n","protected":false},"excerpt":{"rendered":"<p>Les cas positifs de Covid-19 enregistrent une tendance baissi\u00e8re pour la neuvi\u00e8me semaine cons\u00e9cutive dans toutes les r\u00e9gions du Royaume, a annonc\u00e9 mardi le minist\u00e8re de la Sant\u00e9, affirmant que cette situation \u201cs\u2019applique \u00e0 tous les autres indicateurs\u201d. En pr\u00e9sentant le bilan bi-mensuel de la situation \u00e9pid\u00e9miologique (28 septembre\/11 octobre), Auteur: challenge Cliquez ici pour [&hellip;]<\/p>\n","protected":false},"author":1787,"featured_media":0,"comment_status":"closed","ping_status":"closed","sticky":false,"template":"","format":"standard","meta":{"fifu_image_url":"https:\/\/www.challenge.ma\/wp-content\/uploads\/2021\/10\/covid.jpg","fifu_image_alt":"Covid-19: Neuvi\u00e8me semaine de baisse du nombre des cas positifs [minist\u00e8re de la Sant\u00e9]","footnotes":""},"categories":[78,54],"tags":[],"class_list":["post-129791","post","type-post","status-publish","format-standard","hentry","category-economie","category-maroc"],"_links":{"self":[{"href":"https:\/\/linitiative.ca\/International\/wp-json\/wp\/v2\/posts\/129791","targetHints":{"allow":["GET"]}}],"collection":[{"href":"https:\/\/linitiative.ca\/International\/wp-json\/wp\/v2\/posts"}],"about":[{"href":"https:\/\/linitiative.ca\/International\/wp-json\/wp\/v2\/types\/post"}],"author":[{"embeddable":true,"href":"https:\/\/linitiative.ca\/International\/wp-json\/wp\/v2\/users\/1787"}],"replies":[{"embeddable":true,"href":"https:\/\/linitiative.ca\/International\/wp-json\/wp\/v2\/comments?post=129791"}],"version-history":[{"count":0,"href":"https:\/\/linitiative.ca\/International\/wp-json\/wp\/v2\/posts\/129791\/revisions"}],"wp:attachment":[{"href":"https:\/\/linitiative.ca\/International\/wp-json\/wp\/v2\/media?parent=129791"}],"wp:term":[{"taxonomy":"category","embeddable":true,"href":"https:\/\/linitiative.ca\/International\/wp-json\/wp\/v2\/categories?post=129791"},{"taxonomy":"post_tag","embeddable":true,"href":"https:\/\/linitiative.ca\/International\/wp-json\/wp\/v2\/tags?post=129791"}],"curies":[{"name":"wp","href":"https:\/\/api.w.org\/{rel}","templated":true}]}}