{"id":129793,"date":"2021-10-12T10:13:15","date_gmt":"2021-10-12T14:13:15","guid":{"rendered":"https:\/\/linitiative.ca\/International\/croissance-le-fmi-revoit-ses-previsions-a-la-hausse-pour-leconomie-marocaine\/"},"modified":"2021-10-12T10:13:15","modified_gmt":"2021-10-12T14:13:15","slug":"croissance-le-fmi-revoit-ses-previsions-a-la-hausse-pour-leconomie-marocaine","status":"publish","type":"post","link":"https:\/\/linitiative.ca\/International\/croissance-le-fmi-revoit-ses-previsions-a-la-hausse-pour-leconomie-marocaine\/","title":{"rendered":"Croissance. Le FMI revoit ses pr\u00e9visions \u00e0 la hausse pour l\u2019\u00e9conomie marocaine"},"content":{"rendered":"<div><img decoding=\"async\" width=\"1200\" height=\"675\" src=\"https:\/\/linitiative.ca\/International\/wp-content\/uploads\/sites\/23\/2021\/10\/FMI.jpg\" class=\"attachment-post-thumbnail size-post-thumbnail wp-post-image\" alt=\"\" loading=\"lazy\" srcset=\"https:\/\/linitiative.ca\/International\/wp-content\/uploads\/sites\/23\/2021\/10\/FMI.jpg 1200w, https:\/\/www.challenge.ma\/wp-content\/uploads\/2017\/10\/FMI-300x169.jpg 300w, https:\/\/www.challenge.ma\/wp-content\/uploads\/2017\/10\/FMI-1024x576.jpg 1024w, https:\/\/www.challenge.ma\/wp-content\/uploads\/2017\/10\/FMI-360x203.jpg 360w, https:\/\/www.challenge.ma\/wp-content\/uploads\/2017\/10\/FMI-750x422.jpg 750w\" sizes=\"auto, (max-width: 1200px) 100vw, 1200px\" itemprop=\"image\">Le Fonds mon\u00e9taire international (FMI) a revu \u00e0 la hausse ses pr\u00e9visions de croissance pour le Maroc en 2021,et s\u2019attend d\u00e9sormais \u00e0 un taux de 5,7% contre les 4,5% initialement annonc\u00e9s.C\u2019est l\u2019un des taux de croissance les plus robustes de la r\u00e9gion Moyen-Orient et Afrique du nord dans le contexte<\/div>\n<p>Auteur: challenge<br \/>\n<a href=\"https:\/\/www.challenge.ma\/croissance-le-fmi-revoit-ses-previsions-a-la-hausse-pour-leconomie-marocaine-223341\/\">Cliquez ici pour lire l&rsquo;article depuis sa source.<\/a><\/p>\n","protected":false},"excerpt":{"rendered":"<p>Le Fonds mon\u00e9taire international (FMI) a revu \u00e0 la hausse ses pr\u00e9visions de croissance pour le Maroc en 2021,et s\u2019attend d\u00e9sormais \u00e0 un taux de 5,7% contre les 4,5% initialement annonc\u00e9s.C\u2019est l\u2019un des taux de croissance les plus robustes de la r\u00e9gion Moyen-Orient et Afrique du nord dans le contexte Auteur: challenge Cliquez ici pour [&hellip;]<\/p>\n","protected":false},"author":1787,"featured_media":0,"comment_status":"closed","ping_status":"closed","sticky":false,"template":"","format":"standard","meta":{"fifu_image_url":"https:\/\/www.challenge.ma\/wp-content\/uploads\/2017\/10\/FMI.jpg","fifu_image_alt":"Croissance. Le FMI revoit ses pr\u00e9visions \u00e0 la hausse pour l\u2019\u00e9conomie marocaine","footnotes":""},"categories":[78,54],"tags":[],"class_list":["post-129793","post","type-post","status-publish","format-standard","hentry","category-economie","category-maroc"],"_links":{"self":[{"href":"https:\/\/linitiative.ca\/International\/wp-json\/wp\/v2\/posts\/129793","targetHints":{"allow":["GET"]}}],"collection":[{"href":"https:\/\/linitiative.ca\/International\/wp-json\/wp\/v2\/posts"}],"about":[{"href":"https:\/\/linitiative.ca\/International\/wp-json\/wp\/v2\/types\/post"}],"author":[{"embeddable":true,"href":"https:\/\/linitiative.ca\/International\/wp-json\/wp\/v2\/users\/1787"}],"replies":[{"embeddable":true,"href":"https:\/\/linitiative.ca\/International\/wp-json\/wp\/v2\/comments?post=129793"}],"version-history":[{"count":0,"href":"https:\/\/linitiative.ca\/International\/wp-json\/wp\/v2\/posts\/129793\/revisions"}],"wp:attachment":[{"href":"https:\/\/linitiative.ca\/International\/wp-json\/wp\/v2\/media?parent=129793"}],"wp:term":[{"taxonomy":"category","embeddable":true,"href":"https:\/\/linitiative.ca\/International\/wp-json\/wp\/v2\/categories?post=129793"},{"taxonomy":"post_tag","embeddable":true,"href":"https:\/\/linitiative.ca\/International\/wp-json\/wp\/v2\/tags?post=129793"}],"curies":[{"name":"wp","href":"https:\/\/api.w.org\/{rel}","templated":true}]}}