{"id":129801,"date":"2021-10-12T17:18:50","date_gmt":"2021-10-12T21:18:50","guid":{"rendered":"https:\/\/linitiative.ca\/International\/tunisie-litalie-se-felicite-de-la-nomination-de-najla-bouden\/"},"modified":"2021-10-12T17:18:50","modified_gmt":"2021-10-12T21:18:50","slug":"tunisie-litalie-se-felicite-de-la-nomination-de-najla-bouden","status":"publish","type":"post","link":"https:\/\/linitiative.ca\/International\/tunisie-litalie-se-felicite-de-la-nomination-de-najla-bouden\/","title":{"rendered":"Tunisie \u2013 L\u2019Italie se f\u00e9licite de la nomination de Najla Bouden"},"content":{"rendered":"<div>\n<p>L\u2019agence de presse italienne, Ansa.It, a publi\u00e9, ce mardi, un article, pour se f\u00e9liciter de la nomination de Najla Bouden, comme premi\u00e8re cheffe de gouvernement dans le monde arabe. L\u2019article a fait l\u2019\u00e9loge de Najla Bouden comme illustre femme de science qui a eu de nombreuses collaborations avec ses homologues italiens, notamment dans sa sp\u00e9cialit\u00e9 [\u2026]<\/p>\n<p>L\u2019article <a href=\"https:\/\/www.tunisienumerique.com\/tunisie-litalie-se-felicite-de-la-nomination-de-najla-bouden\/\">Tunisie \u2013 L\u2019Italie se f\u00e9licite de la nomination de Najla Bouden<\/a> est apparu en premier sur <a href=\"https:\/\/www.tunisienumerique.com\/\">Tunisie<\/a>.<\/p>\n<\/div>\n<p>Auteur: LM<br \/>\n<a href=\"https:\/\/www.tunisienumerique.com\/tunisie-litalie-se-felicite-de-la-nomination-de-najla-bouden\/\">Cliquez ici pour lire l&rsquo;article depuis sa source.<\/a><\/p>\n","protected":false},"excerpt":{"rendered":"<p>L\u2019agence de presse italienne, Ansa.It, a publi\u00e9, ce mardi, un article, pour se f\u00e9liciter de la nomination de Najla Bouden, comme premi\u00e8re cheffe de gouvernement dans le monde arabe. L\u2019article a fait l\u2019\u00e9loge de Najla Bouden comme illustre femme de science qui a eu de nombreuses collaborations avec ses homologues italiens, notamment dans sa sp\u00e9cialit\u00e9 [&hellip;]<\/p>\n","protected":false},"author":1789,"featured_media":0,"comment_status":"closed","ping_status":"closed","sticky":false,"template":"","format":"standard","meta":{"fifu_image_url":"","fifu_image_alt":"","footnotes":""},"categories":[73,55],"tags":[],"class_list":["post-129801","post","type-post","status-publish","format-standard","hentry","category-actualite","category-tunisie"],"_links":{"self":[{"href":"https:\/\/linitiative.ca\/International\/wp-json\/wp\/v2\/posts\/129801","targetHints":{"allow":["GET"]}}],"collection":[{"href":"https:\/\/linitiative.ca\/International\/wp-json\/wp\/v2\/posts"}],"about":[{"href":"https:\/\/linitiative.ca\/International\/wp-json\/wp\/v2\/types\/post"}],"author":[{"embeddable":true,"href":"https:\/\/linitiative.ca\/International\/wp-json\/wp\/v2\/users\/1789"}],"replies":[{"embeddable":true,"href":"https:\/\/linitiative.ca\/International\/wp-json\/wp\/v2\/comments?post=129801"}],"version-history":[{"count":0,"href":"https:\/\/linitiative.ca\/International\/wp-json\/wp\/v2\/posts\/129801\/revisions"}],"wp:attachment":[{"href":"https:\/\/linitiative.ca\/International\/wp-json\/wp\/v2\/media?parent=129801"}],"wp:term":[{"taxonomy":"category","embeddable":true,"href":"https:\/\/linitiative.ca\/International\/wp-json\/wp\/v2\/categories?post=129801"},{"taxonomy":"post_tag","embeddable":true,"href":"https:\/\/linitiative.ca\/International\/wp-json\/wp\/v2\/tags?post=129801"}],"curies":[{"name":"wp","href":"https:\/\/api.w.org\/{rel}","templated":true}]}}