{"id":129806,"date":"2021-10-12T17:15:53","date_gmt":"2021-10-12T21:15:53","guid":{"rendered":"https:\/\/linitiative.ca\/International\/ecoles-de-cinema-au-senegal-relever-le-defi-de-la-specialisation\/"},"modified":"2021-10-12T17:15:53","modified_gmt":"2021-10-12T21:15:53","slug":"ecoles-de-cinema-au-senegal-relever-le-defi-de-la-specialisation","status":"publish","type":"post","link":"https:\/\/linitiative.ca\/International\/ecoles-de-cinema-au-senegal-relever-le-defi-de-la-specialisation\/","title":{"rendered":"Ecoles de Cin\u00e9ma au S\u00e9n\u00e9gal  : relever le d\u00e9fi de la sp\u00e9cialisation"},"content":{"rendered":"<div>\n<p><strong>Dans le but d\u2019accompagner le d\u00e9veloppement du secteur cin\u00e9matographique s\u00e9n\u00e9galais, plusieurs \u00e9coles publiques ou priv\u00e9es de formation aux m\u00e9tiers du cin\u00e9ma et de l\u2019audiovisuel, aux fortunes diverses, existent \u00e0 Dakar, et \u00e0 l\u2019int\u00e9rieur du pays. <\/strong><\/p>\n<figure id=\"attachment_40668\" aria-describedby=\"caption-attachment-40668\" style=\"width: 300px\" class=\"wp-caption alignleft\"><img decoding=\"async\" loading=\"lazy\" class=\"wp-image-40668 size-medium\" src=\"https:\/\/linitiative.ca\/International\/wp-content\/uploads\/sites\/23\/2021\/10\/3-14-300x200-1.jpg\" alt=\"\" width=\"300\" height=\"200\" srcset=\"https:\/\/linitiative.ca\/International\/wp-content\/uploads\/sites\/23\/2021\/10\/3-14-300x200-1.jpg 300w, https:\/\/www.sidwaya.info\/wp-content\/uploads\/2021\/10\/3-14-150x100.jpg 150w, https:\/\/www.sidwaya.info\/wp-content\/uploads\/2021\/10\/3-14.jpg 595w\" sizes=\"auto, (max-width: 300px) 100vw, 300px\"><figcaption id=\"caption-attachment-40668\" class=\"wp-caption-text\">Selon le directeur de Forut S\u00e9n\u00e9gal, Gilbert Diatta, la formation aux m\u00e9tiers du cin\u00e9ma et de l\u2019audiovisuel constitue une solution au ch\u00f4mage et \u00e0 l\u2019immigration des jeunes s\u00e9n\u00e9galais.<\/figcaption><\/figure>\n<p>Au S\u00e9n\u00e9gal, plusieurs centres ou \u00e9coles de formation, priv\u00e9s et publiques, mettent \u00e0 la disposition du secteur, chaque ann\u00e9e, des dizaines de professionnels du cin\u00e9ma. Install\u00e9es dans la capitale, Dakar ou \u00e0 l\u2019int\u00e9rieur du pays, ces structures contribuent \u00e0 la professionnalisation de la chaine cin\u00e9matographique.<\/p>\n<p>Cr\u00e9\u00e9 en 1998 par l\u2019ONG Forut S\u00e9n\u00e9gal, avec l\u2019appui des norv\u00e9giens, M\u00e9dia centre de Dakar, est l\u2019une des structures pionni\u00e8res dans le domaine de la formation cin\u00e9matographique au S\u00e9n\u00e9gal. Chaque ann\u00e9e, ce centre forme une quinzaine d\u2019\u00e9tudiants \u00e2g\u00e9s de 18 \u00e0 35 ans\u00a0(avec une parit\u00e9 filles\/gar\u00e7ons) \u00e0 plusieurs m\u00e9tiers du cin\u00e9ma et de l\u2019audiovisuel. Il s\u2019agit de la r\u00e9alisation, la prise de vue, la prise de son, le montage, l\u2019infographie sans oublier l\u2019enseignement \u00e0 la s\u00e9miologie, fait savoir le directeur g\u00e9n\u00e9ral de Forut S\u00e9n\u00e9gal, Gilbert Diatta. Dans cet institut, la dur\u00e9e de la formation est de 9 mois, dont 6 mois d\u2019enseignement th\u00e9orique et pratique, et 3 mois de production. L\u2019\u00e9tudiant doit boucler son apprentissage par la r\u00e9alisation d\u2019un court m\u00e9trage, fiction ou documentaire, indique M. Diatta. Cette ann\u00e9e, l\u2019une des productions de l\u2019\u00e9cole est s\u00e9lectionn\u00e9e au Fespaco dans la cat\u00e9gorie films d\u2019\u00e9cole. Il s\u2019agit du film \u00ab\u00a0La r\u00e9silience\u00a0\u00bb de Pierre Maurice Lopy. Mieux, selon son directeur g\u00e9n\u00e9ral, en deux d\u00e9cennies d\u2019existence, M\u00e9dia centre a form\u00e9 environ 200 professionnels de cin\u00e9ma et de l\u2019audiovisuel.<\/p>\n<h2><strong>Une solution au ch\u00f4mage et \u00e0 l\u2019immigration<\/strong><\/h2>\n<p>Certains d\u2019entre eux sont devenus des r\u00e9alisateurs confirm\u00e9s remportant m\u00eame des prix lors des festivals de cin\u00e9ma \u00e0 travers le monde, poursuit-il. Mamanding Kot\u00e9, Babacar Sougou, Touty Mbengue, Yankhoba Ndiaye, Khardiata Pouye, Jupiter, A\u00efcha Thiam, Cheikh Ahmadou Bamba Diop, Ang\u00e8le Diabang, etc.\u00a0; font partie de ceux qui font aujourd\u2019hui la fiert\u00e9 de ce centre, ajoute son DG. Il contribue \u00e9galement \u00e0 alimenter les m\u00e9dias audiovisuels s\u00e9n\u00e9galais en personnel qualifi\u00e9. \u00ab\u00a0La plupart des techniciens de la RTS (Radiodiffusion t\u00e9l\u00e9vision s\u00e9n\u00e9galaise, ndlr) sont issus de notre \u00e9cole. Nous avons d\u2019anciens \u00e9tudiants dans des m\u00e9dias comme TFM, ATN, ETV, RDV. Ils y exercent comme cam\u00e9raman, monteur, r\u00e9alisateur, charg\u00e9 de production\u2026\u00a0\u00bb, se r\u00e9jouit le premier responsable de M\u00e9dia centre. Pour donner une tribune d\u2019expression aux films r\u00e9alis\u00e9s par ses \u00e9tudiants, le centre organise chaque ann\u00e9e, un festival international de films de quartiers.<\/p>\n<figure id=\"attachment_40667\" aria-describedby=\"caption-attachment-40667\" style=\"width: 225px\" class=\"wp-caption alignright\"><img decoding=\"async\" loading=\"lazy\" class=\"wp-image-40667 size-medium\" src=\"https:\/\/linitiative.ca\/International\/wp-content\/uploads\/sites\/23\/2021\/10\/2-19-225x300-1.jpg\" alt=\"\" width=\"225\" height=\"300\" srcset=\"https:\/\/linitiative.ca\/International\/wp-content\/uploads\/sites\/23\/2021\/10\/2-19-225x300-1.jpg 225w, https:\/\/www.sidwaya.info\/wp-content\/uploads\/2021\/10\/2-19-150x200.jpg 150w, https:\/\/www.sidwaya.info\/wp-content\/uploads\/2021\/10\/2-19-300x399.jpg 300w, https:\/\/www.sidwaya.info\/wp-content\/uploads\/2021\/10\/2-19-316x420.jpg 316w, https:\/\/www.sidwaya.info\/wp-content\/uploads\/2021\/10\/2-19.jpg 447w\" sizes=\"auto, (max-width: 225px) 100vw, 225px\"><figcaption id=\"caption-attachment-40667\" class=\"wp-caption-text\">Le directeur g\u00e9n\u00e9ral de l\u2019\u00e9cole nationale des arts, Dr\u00a0Salif Diedhiou : \u00ab\u00a0Avec l\u2019appui de la direction de la cin\u00e9matographie, nous sommes en r\u00e9flexion pour d\u00e9velopper davantage l\u2019enseignement du cin\u00e9ma d\u2019animation\u00a0\u00bb.<\/figcaption><\/figure>\n<p>\u00ab\u00a0L\u2019objectif de ce festival est de permettre \u00e0 nos \u00e9tudiants de repartir dans les quartiers pour rendre aux populations leur v\u00e9cu qu\u2019ils ont film\u00e9 en vue de r\u00e9aliser des films documentaires\u00a0\u00bb, soutient Gilbert Diatta. Son ambition \u00e0 court terme est de faire de M\u00e9dia centre un institut de r\u00e9f\u00e9rence en mati\u00e8re de formation aux m\u00e9tiers du cin\u00e9ma et de l\u2019audiovisuel, d\u00e9livrant des parchemins de niveau licence et master. Pour lui, au-del\u00e0 de la contribution au d\u00e9veloppement du 7e art, la formation dans le domaine cin\u00e9matographique constitue \u00ab\u00a0une grande solution au ch\u00f4mage et \u00e0 l\u2019immigration des jeunes s\u00e9n\u00e9galais\u00a0\u00bb. C\u2019est d\u2019ailleurs l\u2019une des raisons qui l\u2019a amen\u00e9 \u00e0 ouvrir cette ann\u00e9e deux centres de formations en r\u00e9gions, notamment \u00e0 Ziguinchor et \u00e0 Saint-Louis. Pour acc\u00e9der au centre, l\u2019\u00e9tudiant doit d\u00e9bourser 550\u00a0000 FCFA, dont 100\u00a0000 F CFA \u00e0 l\u2019inscription et le reste en 9 mensualit\u00e9s. Mais pour faciliter l\u2019acc\u00e8s \u00e0 cette formation, des mairies, dans le cadre d\u2019un partenariat avec le centre, offrent des demi-bourses \u00e0 certains apprenants.<\/p>\n<h2><strong>Combler l\u2019absence de formation sup\u00e9rieure<\/strong><\/h2>\n<p>A Thi\u00e8s, \u00e0 environ 70 km de Dakar, l\u2019Institut Sup\u00e9rieur d\u2019Enseignement professionnel (ISEP), \u00e0 travers son d\u00e9partement Technologies de l\u2019information et de la communication, forme \u00e9galement depuis 2018 aux m\u00e9tiers du cin\u00e9ma et de l\u2019audiovisuel. Il s\u2019agit notamment de la production cin\u00e9matographique et audiovisuelle, des arts graphiques num\u00e9riques, de la cr\u00e9ation et le management des produits multim\u00e9dia et du journalisme reporter d\u2019images. \u00ab\u00a0Dans le m\u00e9tier de la production cin\u00e9matographique et audiovisuelle, nous formons des techniciens sup\u00e9rieurs qualifi\u00e9s et polyvalents pour faire de la r\u00e9alisation, de la prise de vue, de son, de la post-production, l\u2019\u00e9criture de sc\u00e9nario et la gestion de la production\u00a0\u00bb, fait savoir le responsable du d\u00e9partement TIC de l\u2019ISEP, Arfang Sarr. Selon lui, l\u2019objectif de cette formation est de pallier le manque d\u2019\u00e9coles de cin\u00e9ma de haut niveau dans l\u2019enseignement sup\u00e9rieur en Afrique subsaharienne et de permettre aux jeunes s\u00e9n\u00e9galais et s\u00e9n\u00e9galaises d\u2019acc\u00e9der \u00e0 la formation cin\u00e9matographique.<\/p>\n<p>L\u2019ISEP a livr\u00e9 sur le march\u00e9 cin\u00e9matographique, sa premi\u00e8re cuv\u00e9e de 47 imp\u00e9trants en 2020. \u00ab\u00a0Nous avons beaucoup d\u2019atouts en ce qui concerne la qualit\u00e9 des productions, le niveau de technicit\u00e9 et de cr\u00e9ativit\u00e9 de nos apprenants, m\u00eame s\u2019il y a de nombreuses difficult\u00e9s li\u00e9es au d\u00e9veloppement du plateau technique, l\u2019acquisition du mat\u00e9riel de haut niveau qui co\u00fbte cher\u00a0\u00bb, souligne-t-il. Pour preuve, cette ann\u00e9e, confie M. Sarr, l\u2019ISEP sera pr\u00e9sent au Fespaco, dans la cat\u00e9gorie films d\u2019\u00e9cole, \u00e0 travers le film \u00a0\u00bb Polia\u00a0\u00bb d\u2019un de ses pensionnaires, Ndeye Astou Bassene. A l\u2019ISEP, les apprenants int\u00e8grent l\u2019institut avec le Bac pour deux ann\u00e9es de formation. Sans \u00eatre une v\u00e9ritable\u00a0structure de formation cin\u00e9matographique, l\u2019Ecole nationale des arts (ENA) s\u2019int\u00e9resse n\u00e9anmoins \u00e0 un segment peu d\u00e9velopp\u00e9 du cin\u00e9ma s\u00e9n\u00e9galais, voire africain\u00a0: le cin\u00e9ma d\u2019animation. Depuis quelques ann\u00e9es, l\u2019ENA dispense un module sur ce cin\u00e9ma d\u2019animation.<\/p>\n<h2><strong>S\u2019orienter vers la sp\u00e9cialisation<\/strong><\/h2>\n<p>Les \u00e9tudiants y re\u00e7oivent des notions de base sur les diff\u00e9rentes techniques d\u2019animation, le dessin, l\u2019animation manuelle avec des cartons, des fils de fer, l\u2019\u00e9criture de sc\u00e9narios du cin\u00e9ma d\u2019animation, etc., affirme l\u2019enseignant en cin\u00e9ma d\u2019animation \u00e0 l\u2019ENA, Kheraba Traor\u00e9. Pour lui, le cin\u00e9ma d\u2019animation, est un m\u00e9tier d\u2019avenir\u00a0mais malheureusement, peu de cin\u00e9astes s\u2019int\u00e9ressent \u00e0 ce type de cr\u00e9ation. \u00ab\u00a0Avec les possibilit\u00e9s qu\u2019il y a dans ce domaine, nous devons travailler \u00e0 vulgariser le cin\u00e9ma d\u2019animation. Il faut amener les gens \u00e0 comprendre que cette formation s\u2019ouvre sur des d\u00e9bouch\u00e9s\u00a0\u00bb, souligne le directeur g\u00e9n\u00e9ral de l\u2019ENA, Dr Salif Diedhiou. Et d\u2019ajouter que son \u00e9cole, avec l\u2019appui de la direction de la cin\u00e9matographie, est en r\u00e9flexion pour d\u00e9velopper davantage l\u2019enseignement du cin\u00e9ma d\u2019animation.<\/p>\n<p>A l\u2019instar des autres pans du cin\u00e9ma s\u00e9n\u00e9galais, les \u00e9coles de formation cin\u00e9matographique connaissent aussi leurs lots de difficult\u00e9s. \u00ab\u00a0Les autorit\u00e9s nous accompagnent certes mais pour la formation au cin\u00e9ma, il faut encore plus d\u2019investissements qui \u00e9galent les standards internationaux. Il faut un syst\u00e8me d\u2019incubation de projets cin\u00e9matographiques pour mieux accompagner les dipl\u00f4m\u00e9s \u00e0 l\u2019entame de leur carri\u00e8re de cin\u00e9aste\u00a0\u00bb, pr\u00e9conise Arfang Sarr. Aux c\u00f4t\u00e9s des efforts de l\u2019Etat, Gilbert Diatta, invite les centres de formation \u00e0 s\u2019orienter vers la sp\u00e9cialisation. Car, dit-il, le S\u00e9n\u00e9gal regorge de beaucoup d\u2019\u00e9coles de formation qui malheureusement font toutes la m\u00eame chose. \u00ab\u00a0La collaboration entre les \u00e9coles de formation est n\u00e9cessaire. Que ce soit au niveau de la production, de la post-production ou de la formation, il est important que les gens se mettent ensemble, \u00e0 l\u2019\u00e9chelle nationale comme sous-r\u00e9gionale\u00a0\u00bb, conclu-t-il.<\/p>\n<p style=\"text-align: right\"><strong>Joseph HARO (josephharo4@gmail.com) <\/strong><\/p>\n<p style=\"text-align: right\"><strong>Mahamadi SEBOGO (Windmad76@gmail.com) <\/strong><\/p>\n<p style=\"text-align: right\"><strong>De retour de Dakar, S\u00e9n\u00e9gal <\/strong><\/p>\n<p>L\u2019article <a rel=\"nofollow\" href=\"https:\/\/www.sidwaya.info\/blog\/2021\/10\/12\/ecoles-de-cinema-au-senegal-relever-le-defi-de-la-specialisation\/\">Ecoles de Cin\u00e9ma au S\u00e9n\u00e9gal  : relever le d\u00e9fi de la sp\u00e9cialisation<\/a> est apparu en premier sur <a rel=\"nofollow\" href=\"https:\/\/www.sidwaya.info\/\">Quotidien Sidwaya<\/a>.<\/p>\n<\/div>\n<p>Auteur: BM. Sidwaya<br \/>\n<a href=\"https:\/\/www.sidwaya.info\/blog\/2021\/10\/12\/ecoles-de-cinema-au-senegal-relever-le-defi-de-la-specialisation\/\">Cliquez ici pour lire l&rsquo;article depuis sa source.<\/a><\/p>\n","protected":false},"excerpt":{"rendered":"<p>Dans le but d\u2019accompagner le d\u00e9veloppement du secteur cin\u00e9matographique s\u00e9n\u00e9galais, plusieurs \u00e9coles publiques ou priv\u00e9es de formation aux m\u00e9tiers du cin\u00e9ma et de l\u2019audiovisuel, aux fortunes diverses, existent \u00e0 Dakar, et \u00e0 l\u2019int\u00e9rieur du pays. Selon le directeur de Forut S\u00e9n\u00e9gal, Gilbert Diatta, la formation aux m\u00e9tiers du cin\u00e9ma et de l\u2019audiovisuel constitue une solution [&hellip;]<\/p>\n","protected":false},"author":1816,"featured_media":0,"comment_status":"closed","ping_status":"closed","sticky":false,"template":"","format":"standard","meta":{"fifu_image_url":"https:\/\/www.sidwaya.info\/wp-content\/uploads\/2021\/10\/3-14-300x200.jpg","fifu_image_alt":"Ecoles de Cin\u00e9ma au S\u00e9n\u00e9gal  : relever le d\u00e9fi de la sp\u00e9cialisation","footnotes":""},"categories":[73,81],"tags":[],"class_list":["post-129806","post","type-post","status-publish","format-standard","hentry","category-actualite","category-burkina-faso"],"_links":{"self":[{"href":"https:\/\/linitiative.ca\/International\/wp-json\/wp\/v2\/posts\/129806","targetHints":{"allow":["GET"]}}],"collection":[{"href":"https:\/\/linitiative.ca\/International\/wp-json\/wp\/v2\/posts"}],"about":[{"href":"https:\/\/linitiative.ca\/International\/wp-json\/wp\/v2\/types\/post"}],"author":[{"embeddable":true,"href":"https:\/\/linitiative.ca\/International\/wp-json\/wp\/v2\/users\/1816"}],"replies":[{"embeddable":true,"href":"https:\/\/linitiative.ca\/International\/wp-json\/wp\/v2\/comments?post=129806"}],"version-history":[{"count":0,"href":"https:\/\/linitiative.ca\/International\/wp-json\/wp\/v2\/posts\/129806\/revisions"}],"wp:attachment":[{"href":"https:\/\/linitiative.ca\/International\/wp-json\/wp\/v2\/media?parent=129806"}],"wp:term":[{"taxonomy":"category","embeddable":true,"href":"https:\/\/linitiative.ca\/International\/wp-json\/wp\/v2\/categories?post=129806"},{"taxonomy":"post_tag","embeddable":true,"href":"https:\/\/linitiative.ca\/International\/wp-json\/wp\/v2\/tags?post=129806"}],"curies":[{"name":"wp","href":"https:\/\/api.w.org\/{rel}","templated":true}]}}