{"id":129809,"date":"2021-10-12T17:23:20","date_gmt":"2021-10-12T21:23:20","guid":{"rendered":"https:\/\/linitiative.ca\/International\/fespaco-2021-des-salles-pretes-a-accueillir-les-festivaliers\/"},"modified":"2021-10-12T17:23:20","modified_gmt":"2021-10-12T21:23:20","slug":"fespaco-2021-des-salles-pretes-a-accueillir-les-festivaliers","status":"publish","type":"post","link":"https:\/\/linitiative.ca\/International\/fespaco-2021-des-salles-pretes-a-accueillir-les-festivaliers\/","title":{"rendered":"Fespaco 2021 : des salles pr\u00eates \u00e0 accueillir  les festivaliers"},"content":{"rendered":"<div>\n<p><strong>A quelques jours de l\u2019ouverture de la 27e \u00e9dition du FESPACO, Sidwaya a fait le tour des salles de cin\u00e9ma de la ville de Ouagadougou. Constat<\/strong>.<\/p>\n<figure id=\"attachment_40671\" aria-describedby=\"caption-attachment-40671\" style=\"width: 300px\" class=\"wp-caption alignleft\"><img decoding=\"async\" loading=\"lazy\" class=\"wp-image-40671 size-medium\" src=\"https:\/\/linitiative.ca\/International\/wp-content\/uploads\/sites\/23\/2021\/10\/1-37-300x218-1.jpg\" alt=\"\" width=\"300\" height=\"218\" srcset=\"https:\/\/linitiative.ca\/International\/wp-content\/uploads\/sites\/23\/2021\/10\/1-37-300x218-1.jpg 300w, https:\/\/www.sidwaya.info\/wp-content\/uploads\/2021\/10\/1-37-150x109.jpg 150w, https:\/\/www.sidwaya.info\/wp-content\/uploads\/2021\/10\/1-37-578x420.jpg 578w, https:\/\/www.sidwaya.info\/wp-content\/uploads\/2021\/10\/1-37-324x235.jpg 324w, https:\/\/www.sidwaya.info\/wp-content\/uploads\/2021\/10\/1-37.jpg 595w\" sizes=\"auto, (max-width: 300px) 100vw, 300px\"><figcaption id=\"caption-attachment-40671\" class=\"wp-caption-text\">Le propri\u00e9taire de la salle de cin\u00e9 Neerwaya, Franck Alain Kabor\u00e9\u00a0: \u00ab\u00a0Le port du masque sera obligatoire pour acc\u00e9der \u00e0 la salle\u00a0\u00bb.<\/figcaption><\/figure>\n<p>A deux semaines du clap de d\u00e9but de la 27e \u00e9dition du Festival panafricain du cin\u00e9ma et de la t\u00e9l\u00e9vision de Ouagadougou (FESPACO), le Pr\u00e9sident directeur g\u00e9n\u00e9ral (PDG) du Groupe Neerwaya et propri\u00e9taire du cin\u00e9 Neerwaya, Franck Alain Kabor\u00e9 s\u2019active en compagnie de son gestionnaire, Yacouba Kabr\u00e9 \u00e0 donner un nouveau visage au cin\u00e9 Neerwaya. \u00ab\u00a0Le mat\u00e9riel technique est en bon \u00e9tat. Il n\u2019y a pas de soucis \u00e0 ce niveau. Nous avons d\u00fb remplacer certains outils pour rassurer les cin\u00e9philes, et pour plus d\u2019efficacit\u00e9 de nos moyens techniques\u00a0\u00bb, soutient-il. Construite sous la R\u00e9volution, selon ses dires, cette plus grande salle de cin\u00e9 du pays des Hommes int\u00e8gres\u00a0dispose de 1066 si\u00e8ges. A l\u2019exception de quelques-uns, tous sont confortables, affirme M. Kabor\u00e9.<\/p>\n<p>\u00ab\u00a0Nous allons achever tous ces travaux bien avant les festivit\u00e9s. La peinture est \u00e0 refaire. Comme je suis aussi dans les travaux publics, je ne m\u2019inqui\u00e8te pas pour l\u2019embellissement de la salle\u00a0\u00bb, soutient-il, tout sourire. Outre l\u2019int\u00e9rieur, les carreaux de la salle sont en cours de r\u00e9fection. Au moment o\u00f9 des ouvriers s\u2019att\u00e8lent au d\u00e9sherbage, nous sommes conduits dans les latrines. Aux dires de M. Kabor\u00e9, l\u2019\u00e9clairage est \u00e0 revoir. Au cin\u00e9 Burkina, la gestionnaire de la salle\u00a0et directrice g\u00e9n\u00e9rale de Kanazo\u00e9 service, Zalissa Compaor\u00e9, rassure, elle aussi, de la qualit\u00e9 du mat\u00e9riel et la disponibilit\u00e9 de la salle pour un accueil \u00ab\u00a0chaleureux\u00a0\u00bb des festivaliers. Le mardi 5 octobre 2021, il est 18h lorsque les lumi\u00e8res s\u2019\u00e9teignent au Cin\u00e9 Burkina. Le producteur du film \u00ab\u00a0Tama Djan\u00a0\u00bb qui signifie en bambara, \u00ab\u00a0odyss\u00e9e\u00a0\u00bb, Issaka Compaor\u00e9 et son r\u00e9alisateur Issa Traor\u00e9 projettent leur \u0153uvre. Les images dans la salle sont captivantes. \u00ab\u00a0Nous n\u2019avons pas \u00e0 r\u00e9habiliter la salle. Elle est en bon \u00e9tat et pr\u00eat \u00e0 accueillir les festivaliers\u00a0\u00bb, confie la gestionnaire<\/p>\n<h2><strong>Des mesures \u00e0 prendre<\/strong><\/h2>\n<figure id=\"attachment_40672\" aria-describedby=\"caption-attachment-40672\" style=\"width: 300px\" class=\"wp-caption alignright\"><img decoding=\"async\" loading=\"lazy\" class=\"wp-image-40672 size-medium\" src=\"https:\/\/linitiative.ca\/International\/wp-content\/uploads\/sites\/23\/2021\/10\/2-20-300x187-1.jpg\" alt=\"\" width=\"300\" height=\"187\" srcset=\"https:\/\/linitiative.ca\/International\/wp-content\/uploads\/sites\/23\/2021\/10\/2-20-300x187-1.jpg 300w, https:\/\/www.sidwaya.info\/wp-content\/uploads\/2021\/10\/2-20-150x93.jpg 150w, https:\/\/www.sidwaya.info\/wp-content\/uploads\/2021\/10\/2-20.jpg 595w\" sizes=\"auto, (max-width: 300px) 100vw, 300px\"><figcaption id=\"caption-attachment-40672\" class=\"wp-caption-text\">La DG de Kanazo\u00e9 service, Zalissa Compaor\u00e9 a fait savoir que sa salle r\u00e9pond aux normes internationales.<\/figcaption><\/figure>\n<p>Au regard de la crise sanitaire qui secoue le monde entier, la gestionnaire rassure que les mesures- barri\u00e8res seront respect\u00e9es dans la salle. Des lave-mains, le port du masque, la d\u00e9sinfection sont, entre autres, des principes adopt\u00e9s pour pr\u00e9server la sant\u00e9 des cin\u00e9philes. \u00ab Nous sommes conscients de la propagation de la maladie \u00e0 coronavirus. C\u2019est pourquoi, nous avons pris toutes les pr\u00e9cautions n\u00e9cessaires pour veiller \u00e0 ce que la distanciation dans la salle de projection soit respect\u00e9e \u00bb, dit-elle. Outre le volet sanitaire, avec l\u2019appui des organisateurs et les services comp\u00e9tents, pr\u00e9cise-t-elle, les dispositions s\u00e9curitaires vont \u00eatre renforc\u00e9es pour que les festivit\u00e9s se passent dans de bonnes conditions. Abondant dans le m\u00eame sens, le PDG du groupe Neerwaya a fait savoir que des mesures s\u00e9curitaires sont pr\u00e9vues pour un festival paisible.<\/p>\n<p style=\"text-align: right\"><strong> Oumarou RABO <\/strong><\/p>\n<p style=\"text-align: right\"><strong>Harouna NACRO (Stagiaire) <\/strong><\/p>\n<p>L\u2019article <a rel=\"nofollow\" href=\"https:\/\/www.sidwaya.info\/blog\/2021\/10\/12\/fespaco-2021-des-salles-pretes-a-accueillir-les-festivaliers\/\">Fespaco 2021 : des salles pr\u00eates \u00e0 accueillir  les festivaliers<\/a> est apparu en premier sur <a rel=\"nofollow\" href=\"https:\/\/www.sidwaya.info\/\">Quotidien Sidwaya<\/a>.<\/p>\n<\/div>\n<p>Auteur: BM. Sidwaya<br \/>\n<a href=\"https:\/\/www.sidwaya.info\/blog\/2021\/10\/12\/fespaco-2021-des-salles-pretes-a-accueillir-les-festivaliers\/\">Cliquez ici pour lire l&rsquo;article depuis sa source.<\/a><\/p>\n","protected":false},"excerpt":{"rendered":"<p>A quelques jours de l\u2019ouverture de la 27e \u00e9dition du FESPACO, Sidwaya a fait le tour des salles de cin\u00e9ma de la ville de Ouagadougou. Constat. Le propri\u00e9taire de la salle de cin\u00e9 Neerwaya, Franck Alain Kabor\u00e9\u00a0: \u00ab\u00a0Le port du masque sera obligatoire pour acc\u00e9der \u00e0 la salle\u00a0\u00bb. A deux semaines du clap de d\u00e9but [&hellip;]<\/p>\n","protected":false},"author":1816,"featured_media":0,"comment_status":"closed","ping_status":"closed","sticky":false,"template":"","format":"standard","meta":{"fifu_image_url":"https:\/\/www.sidwaya.info\/wp-content\/uploads\/2021\/10\/1-37-300x218.jpg","fifu_image_alt":"Fespaco 2021 : des salles pr\u00eates \u00e0 accueillir  les festivaliers","footnotes":""},"categories":[73,81],"tags":[],"class_list":["post-129809","post","type-post","status-publish","format-standard","hentry","category-actualite","category-burkina-faso"],"_links":{"self":[{"href":"https:\/\/linitiative.ca\/International\/wp-json\/wp\/v2\/posts\/129809","targetHints":{"allow":["GET"]}}],"collection":[{"href":"https:\/\/linitiative.ca\/International\/wp-json\/wp\/v2\/posts"}],"about":[{"href":"https:\/\/linitiative.ca\/International\/wp-json\/wp\/v2\/types\/post"}],"author":[{"embeddable":true,"href":"https:\/\/linitiative.ca\/International\/wp-json\/wp\/v2\/users\/1816"}],"replies":[{"embeddable":true,"href":"https:\/\/linitiative.ca\/International\/wp-json\/wp\/v2\/comments?post=129809"}],"version-history":[{"count":0,"href":"https:\/\/linitiative.ca\/International\/wp-json\/wp\/v2\/posts\/129809\/revisions"}],"wp:attachment":[{"href":"https:\/\/linitiative.ca\/International\/wp-json\/wp\/v2\/media?parent=129809"}],"wp:term":[{"taxonomy":"category","embeddable":true,"href":"https:\/\/linitiative.ca\/International\/wp-json\/wp\/v2\/categories?post=129809"},{"taxonomy":"post_tag","embeddable":true,"href":"https:\/\/linitiative.ca\/International\/wp-json\/wp\/v2\/tags?post=129809"}],"curies":[{"name":"wp","href":"https:\/\/api.w.org\/{rel}","templated":true}]}}