{"id":129812,"date":"2021-10-12T17:26:49","date_gmt":"2021-10-12T21:26:49","guid":{"rendered":"https:\/\/linitiative.ca\/International\/uemoa-le-president-du-faso-oriente-abdoulaye-diop\/"},"modified":"2021-10-12T17:26:49","modified_gmt":"2021-10-12T21:26:49","slug":"uemoa-le-president-du-faso-oriente-abdoulaye-diop","status":"publish","type":"post","link":"https:\/\/linitiative.ca\/International\/uemoa-le-president-du-faso-oriente-abdoulaye-diop\/","title":{"rendered":"UEMOA  : le pr\u00e9sident du Faso \u00ab\u00a0oriente\u00a0\u00bb Abdoulaye Diop"},"content":{"rendered":"<div>\n<p><strong>Le pr\u00e9sident du Faso, Roch Marc Christian Kabor\u00e9 a re\u00e7u en audience, le mardi 12 octobre 2021, le pr\u00e9sident de la Commission de l\u2019Union \u00e9conomique et mon\u00e9taire Ouest africaine (UEMOA), Abdoulaye Diop.<\/strong><\/p>\n<p>L\u2019\u00e9tat de l\u2019Union, les activit\u00e9s de l\u2019organisation sous r\u00e9gionale et les questions d\u2019actualit\u00e9 ont \u00e9t\u00e9 au menu des \u00e9changes entre le pr\u00e9sident de la Commission de l\u2019UEMOA, Abdoulaye Diop et le pr\u00e9sident du Faso, Roch Marc Christian Kabor\u00e9, par ailleurs pr\u00e9sident en exercice de la Conf\u00e9rence des chefs d\u2019Etat et de Gouvernement de l\u2019Union. C\u2019\u00e9tait dans la matin\u00e9e du mardi 12 octobre 2021 au palais de Kosyam. Selon M. Diop, cette audience a \u00e9t\u00e9 une occasion de \u00ab recueillir les orientations du pr\u00e9sident du Faso, mais \u00e9galement de lui rendre compte des avanc\u00e9es constat\u00e9es au niveau des activit\u00e9s de la Commission \u00e0 la suite des orientations pr\u00e9c\u00e9dentes \u00bb.<\/p>\n<p>En sa qualit\u00e9 de champion de la CEDEAO pour la libre circulation des personnes et des biens, le pr\u00e9sident Kabor\u00e9 est sensible aux avanc\u00e9es dans ce domaine, a-t-il dit. Et \u00ab des avanc\u00e9es ont \u00e9t\u00e9 constat\u00e9es depuis mes derniers \u00e9changes avec le chef de l\u2019Etat \u00bb, a soutenu le pr\u00e9sident de la Commission de l\u2019UEMOA. A cet effet, Abdoulaye Diop a fait le point au pr\u00e9sident du Faso, des r\u00e9sultats d\u2019une rencontre qui a r\u00e9uni les ministres en charge de la question au sein de l\u2019Union. \u00ab La libre circulation des personnes est un \u00e9l\u00e9ment cl\u00e9 de notre Union. Et il est important que tout soit mis en \u0153uvre pour que cette libre circulation soit effective \u00bb, a expliqu\u00e9 M. Diop. Au cours de ce t\u00eate-\u00e0-t\u00eate, le pr\u00e9sident du Faso et son h\u00f4te ont pass\u00e9 en revue la situation \u00e9conomique de l\u2019Union, marqu\u00e9e par la situation s\u00e9curitaire et la pand\u00e9mie du coronavirus et les perspectives pour les pays membres.<\/p>\n<p>\u00ab Pour l\u2019ann\u00e9e 2021 nous esp\u00e9rons un rebond de l\u2019\u00e9conomie et pour l\u2019ann\u00e9e 2022 \u00e9galement, nous esp\u00e9rons que ce rebond sera amplifi\u00e9 \u00bb, a d\u00e9clar\u00e9 le pr\u00e9sident de la Commission de l\u2019UEMOA. Selon Abdoulaye Diop, la situation s\u00e9curitaire dans certains pays membres de l\u2019Union qui est une pr\u00e9occupation pour le pr\u00e9sident du Faso, a \u00e9galement \u00e9t\u00e9 discut\u00e9e au cours de cette audience.<\/p>\n<p style=\"text-align: right\"><strong>W. Aubin NANA <\/strong><\/p>\n<p style=\"text-align: right\"><strong>nanaubin@yahoo.fr <\/strong><\/p>\n<p>L\u2019article <a rel=\"nofollow\" href=\"https:\/\/www.sidwaya.info\/blog\/2021\/10\/12\/uemoa-le-president-du-faso-oriente-abdoulaye-diop\/\">UEMOA  : le pr\u00e9sident du Faso \u00ab\u00a0oriente\u00a0\u00bb Abdoulaye Diop<\/a> est apparu en premier sur <a rel=\"nofollow\" href=\"https:\/\/www.sidwaya.info\/\">Quotidien Sidwaya<\/a>.<\/p>\n<\/div>\n<p>Auteur: BM. Sidwaya<br \/>\n<a href=\"https:\/\/www.sidwaya.info\/blog\/2021\/10\/12\/uemoa-le-president-du-faso-oriente-abdoulaye-diop\/\">Cliquez ici pour lire l&rsquo;article depuis sa source.<\/a><\/p>\n","protected":false},"excerpt":{"rendered":"<p>Le pr\u00e9sident du Faso, Roch Marc Christian Kabor\u00e9 a re\u00e7u en audience, le mardi 12 octobre 2021, le pr\u00e9sident de la Commission de l\u2019Union \u00e9conomique et mon\u00e9taire Ouest africaine (UEMOA), Abdoulaye Diop. L\u2019\u00e9tat de l\u2019Union, les activit\u00e9s de l\u2019organisation sous r\u00e9gionale et les questions d\u2019actualit\u00e9 ont \u00e9t\u00e9 au menu des \u00e9changes entre le pr\u00e9sident de [&hellip;]<\/p>\n","protected":false},"author":1816,"featured_media":0,"comment_status":"closed","ping_status":"closed","sticky":false,"template":"","format":"standard","meta":{"fifu_image_url":"","fifu_image_alt":"","footnotes":""},"categories":[73,81],"tags":[],"class_list":["post-129812","post","type-post","status-publish","format-standard","hentry","category-actualite","category-burkina-faso"],"_links":{"self":[{"href":"https:\/\/linitiative.ca\/International\/wp-json\/wp\/v2\/posts\/129812","targetHints":{"allow":["GET"]}}],"collection":[{"href":"https:\/\/linitiative.ca\/International\/wp-json\/wp\/v2\/posts"}],"about":[{"href":"https:\/\/linitiative.ca\/International\/wp-json\/wp\/v2\/types\/post"}],"author":[{"embeddable":true,"href":"https:\/\/linitiative.ca\/International\/wp-json\/wp\/v2\/users\/1816"}],"replies":[{"embeddable":true,"href":"https:\/\/linitiative.ca\/International\/wp-json\/wp\/v2\/comments?post=129812"}],"version-history":[{"count":0,"href":"https:\/\/linitiative.ca\/International\/wp-json\/wp\/v2\/posts\/129812\/revisions"}],"wp:attachment":[{"href":"https:\/\/linitiative.ca\/International\/wp-json\/wp\/v2\/media?parent=129812"}],"wp:term":[{"taxonomy":"category","embeddable":true,"href":"https:\/\/linitiative.ca\/International\/wp-json\/wp\/v2\/categories?post=129812"},{"taxonomy":"post_tag","embeddable":true,"href":"https:\/\/linitiative.ca\/International\/wp-json\/wp\/v2\/tags?post=129812"}],"curies":[{"name":"wp","href":"https:\/\/api.w.org\/{rel}","templated":true}]}}