{"id":129816,"date":"2021-10-12T12:18:03","date_gmt":"2021-10-12T16:18:03","guid":{"rendered":"https:\/\/linitiative.ca\/International\/mali-linspecteur-general-de-larmee-senegalaise-a-gao\/"},"modified":"2021-10-12T12:18:03","modified_gmt":"2021-10-12T16:18:03","slug":"mali-linspecteur-general-de-larmee-senegalaise-a-gao","status":"publish","type":"post","link":"https:\/\/linitiative.ca\/International\/mali-linspecteur-general-de-larmee-senegalaise-a-gao\/","title":{"rendered":"Mali : l\u2019inspecteur g\u00e9n\u00e9ral de l\u2019Arm\u00e9e s\u00e9n\u00e9galaise \u00e0 Gao"},"content":{"rendered":"<div>\n<p><img loading=\"lazy\" decoding=\"async\" width=\"900\" height=\"900\" src=\"https:\/\/linitiative.ca\/International\/wp-content\/uploads\/sites\/23\/2021\/10\/16340554849613.jpg\" class=\"attachment-post-thumbnail size-post-thumbnail wp-post-image\" alt=\"\" srcset=\"https:\/\/linitiative.ca\/International\/wp-content\/uploads\/sites\/23\/2021\/10\/16340554849613.jpg 900w, https:\/\/www.journalducameroun.com\/wp-content\/uploads\/2021\/10\/16340554849613-150x150.jpg 150w, https:\/\/www.journalducameroun.com\/wp-content\/uploads\/2021\/10\/16340554849613-300x300.jpg 300w, https:\/\/www.journalducameroun.com\/wp-content\/uploads\/2021\/10\/16340554849613-768x768.jpg 768w, https:\/\/www.journalducameroun.com\/wp-content\/uploads\/2021\/10\/16340554849613-440x440.jpg 440w, https:\/\/www.journalducameroun.com\/wp-content\/uploads\/2021\/10\/16340554849613-60x60.jpg 60w, https:\/\/www.journalducameroun.com\/wp-content\/uploads\/2021\/10\/16340554849613-100x100.jpg 100w, https:\/\/www.journalducameroun.com\/wp-content\/uploads\/2021\/10\/16340554849613-600x600.jpg 600w\" sizes=\"auto, (max-width: 900px) 100vw, 900px\"><\/p>\n<p>Le g\u00e9n\u00e9ral El Hadji Daouda Niang a profit\u00e9 de l&rsquo;occasion pour s&rsquo;enqu\u00e9rir du le travail des unit\u00e9s s\u00e9n\u00e9galaises d\u00e9ploy\u00e9s \u00e0 Gao.Il a \u00e9t\u00e9 re\u00e7u par le Chef du Bureau r\u00e9gional de la Mission multidimensionnelle int\u00e9gr\u00e9e des Nations Unies pour la stabilisation au Mali (Minusma), Mohamed El-Amine Souef.<\/p>\n<p>\u00ab Le contr\u00f4le de l&rsquo;aptitude op\u00e9rationnelle des troupes fait partie de ma mission. \u00c0 ce titre, je suis venu \u00e0 Gao, sur le terrain pour voir le travail des unit\u00e9s s\u00e9n\u00e9galaises d\u00e9ploy\u00e9es ici\u00a0\u00bb, a d\u00e9clar\u00e9 le g\u00e9n\u00e9ral Niang.<\/p>\n<p>En compagnie du commandant du Secteur Est de la Minusma, le colonel Jinsong Zhu et de la Commandante r\u00e9gionale d&rsquo;Unpol \u00e0 Gao, la g\u00e9n\u00e9rale Odile Kantyono, le Chef du Bureau r\u00e9gional, a pr\u00e9sent\u00e9 au g\u00e9n\u00e9ral Niang un aper\u00e7u exhaustif de la situation de la r\u00e9gion de Gao.<\/p>\n<p>Mohamed El-Amine Souef a aussi saisi l&rsquo;occasion pour exprimer la reconnaissance de l&rsquo;ensemble du bureau r\u00e9gional pour le travail, le professionnalisme et l&rsquo;engagement des soldats s\u00e9n\u00e9galais.<\/p>\n<p>\u00ab C&rsquo;est une fiert\u00e9 pour nous ici et je salue le r\u00f4le important du S\u00e9n\u00e9gal \u00e0 travers le personnel militaire et civil pour sa contribution \u00e0 la paix au Mali \u00bb, a-t-il soulign\u00e9.<\/p>\n<p>Dans la r\u00e9gion de Gao, le contingent s\u00e9n\u00e9galais de la Minusma comprend une unit\u00e9 de police (la SEN-FPU) et un d\u00e9tachement du g\u00e9nie militaire (DETGEN) compos\u00e9 des sections appui, soutien, construction, franchissement et protection.<\/p>\n<p>Cet article <a rel=\"nofollow\" href=\"https:\/\/www.journalducameroun.com\/mali-linspecteur-general-de-larmee-senegalaise-a-gao\/\">Mali : l\u2019inspecteur g\u00e9n\u00e9ral de l\u2019Arm\u00e9e s\u00e9n\u00e9galaise \u00e0 Gao<\/a> est apparu en premier sur <a rel=\"nofollow\" href=\"https:\/\/www.journalducameroun.com\/\">Journal du Cameroun<\/a>.<\/p>\n<\/div>\n<p>Auteur: APA News<br \/>\n<a href=\"https:\/\/www.journalducameroun.com\/mali-linspecteur-general-de-larmee-senegalaise-a-gao\/\">Cliquez ici pour lire l&rsquo;article depuis sa source.<\/a><\/p>\n","protected":false},"excerpt":{"rendered":"<p>Le g\u00e9n\u00e9ral El Hadji Daouda Niang a profit\u00e9 de l&rsquo;occasion pour s&rsquo;enqu\u00e9rir du le travail des unit\u00e9s s\u00e9n\u00e9galaises d\u00e9ploy\u00e9s \u00e0 Gao.Il a \u00e9t\u00e9 re\u00e7u par le Chef du Bureau r\u00e9gional de la Mission multidimensionnelle int\u00e9gr\u00e9e des Nations Unies pour la stabilisation au Mali (Minusma), Mohamed El-Amine Souef. \u00ab Le contr\u00f4le de l&rsquo;aptitude op\u00e9rationnelle des troupes [&hellip;]<\/p>\n","protected":false},"author":1965,"featured_media":0,"comment_status":"closed","ping_status":"closed","sticky":false,"template":"","format":"standard","meta":{"fifu_image_url":"https:\/\/www.journalducameroun.com\/wp-content\/uploads\/2021\/10\/16340554849613.jpg","fifu_image_alt":"Mali : l\u2019inspecteur g\u00e9n\u00e9ral de l\u2019Arm\u00e9e s\u00e9n\u00e9galaise \u00e0 Gao","footnotes":""},"categories":[73,82],"tags":[],"class_list":["post-129816","post","type-post","status-publish","format-standard","hentry","category-actualite","category-cameroun"],"_links":{"self":[{"href":"https:\/\/linitiative.ca\/International\/wp-json\/wp\/v2\/posts\/129816","targetHints":{"allow":["GET"]}}],"collection":[{"href":"https:\/\/linitiative.ca\/International\/wp-json\/wp\/v2\/posts"}],"about":[{"href":"https:\/\/linitiative.ca\/International\/wp-json\/wp\/v2\/types\/post"}],"author":[{"embeddable":true,"href":"https:\/\/linitiative.ca\/International\/wp-json\/wp\/v2\/users\/1965"}],"replies":[{"embeddable":true,"href":"https:\/\/linitiative.ca\/International\/wp-json\/wp\/v2\/comments?post=129816"}],"version-history":[{"count":0,"href":"https:\/\/linitiative.ca\/International\/wp-json\/wp\/v2\/posts\/129816\/revisions"}],"wp:attachment":[{"href":"https:\/\/linitiative.ca\/International\/wp-json\/wp\/v2\/media?parent=129816"}],"wp:term":[{"taxonomy":"category","embeddable":true,"href":"https:\/\/linitiative.ca\/International\/wp-json\/wp\/v2\/categories?post=129816"},{"taxonomy":"post_tag","embeddable":true,"href":"https:\/\/linitiative.ca\/International\/wp-json\/wp\/v2\/tags?post=129816"}],"curies":[{"name":"wp","href":"https:\/\/api.w.org\/{rel}","templated":true}]}}