{"id":129820,"date":"2021-10-12T12:18:03","date_gmt":"2021-10-12T16:18:03","guid":{"rendered":"https:\/\/linitiative.ca\/International\/le-hcr-pour-la-levee-du-statut-de-refugie-pour-les-ivoiriens\/"},"modified":"2021-10-12T12:18:03","modified_gmt":"2021-10-12T16:18:03","slug":"le-hcr-pour-la-levee-du-statut-de-refugie-pour-les-ivoiriens","status":"publish","type":"post","link":"https:\/\/linitiative.ca\/International\/le-hcr-pour-la-levee-du-statut-de-refugie-pour-les-ivoiriens\/","title":{"rendered":"Le HCR pour la lev\u00e9e du statut de r\u00e9fugi\u00e9 pour les Ivoiriens"},"content":{"rendered":"<div>\n<p><img loading=\"lazy\" decoding=\"async\" width=\"225\" height=\"225\" src=\"https:\/\/linitiative.ca\/International\/wp-content\/uploads\/sites\/23\/2021\/10\/16340554839498.jpg\" class=\"attachment-post-thumbnail size-post-thumbnail wp-post-image\" alt=\"\" srcset=\"https:\/\/linitiative.ca\/International\/wp-content\/uploads\/sites\/23\/2021\/10\/16340554839498.jpg 225w, https:\/\/www.journalducameroun.com\/wp-content\/uploads\/2021\/10\/16340554839498-150x150.jpg 150w, https:\/\/www.journalducameroun.com\/wp-content\/uploads\/2021\/10\/16340554839498-60x60.jpg 60w, https:\/\/www.journalducameroun.com\/wp-content\/uploads\/2021\/10\/16340554839498-100x100.jpg 100w\" sizes=\"auto, (max-width: 225px) 100vw, 225px\"><\/p>\n<p>La recommandation d&rsquo;appliquer les clauses de cessation issues de la Convention de 1951 sur les r\u00e9fugi\u00e9s se fonde sur une analyse approfondie de la situation en C\u00f4te d&rsquo;Ivoire.Le Haut-Commissariat des Nations unies pour les r\u00e9fugi\u00e9s (HCR) a demand\u00e9 aux \u00c9tats qui accueillent des r\u00e9fugi\u00e9s ivoiriens de lever leur statut de r\u00e9fugi\u00e9 et de faciliter leur rapatriement volontaire, leur r\u00e9int\u00e9gration, l&rsquo;acquisition de la r\u00e9sidence permanente ou la naturalisation pour ceux qui souhaitent rester dans les pays d&rsquo;accueil.<\/p>\n<p>\u00ab Au regard des changements fondamentaux et durables en C\u00f4te d&rsquo;Ivoire, j&rsquo;ai le plaisir de recommander une cessation g\u00e9n\u00e9rale du statut de r\u00e9fugi\u00e9 pour les ivoiriens, qui prendrait effet le 30 juin 2022 \u00bb, a d\u00e9clar\u00e9 le Haut-Commissaire des Nations Unies pour les r\u00e9fugi\u00e9s, Filippo Grandi, \u00e0 l&rsquo;ouverture de la 72e session annuelle du Comit\u00e9 ex\u00e9cutif du HCR.<\/p>\n<p>La recommandation d&rsquo;appliquer les clauses de cessation issues de la Convention de 1951 sur les r\u00e9fugi\u00e9s se fonde sur une analyse approfondie de la situation en C\u00f4te d&rsquo;Ivoire.<\/p>\n<p>Elle s&rsquo;accompagne de mesures concr\u00e8tes destin\u00e9es \u00e0 promouvoir des solutions durables pour les r\u00e9fugi\u00e9s ivoiriens. Ces dispositions visent notamment \u00e0 faciliter leur retour volontaire et leur r\u00e9int\u00e9gration dans leur pays d&rsquo;origine, ainsi que la possibilit\u00e9 de demander la r\u00e9sidence permanente ou la naturalisation, pour ceux qui ont nou\u00e9 des liens solides avec leur pays d&rsquo;accueil.<\/p>\n<p>Les r\u00e9fugi\u00e9s qui pr\u00e9sentent encore des besoins en mati\u00e8re de protection internationale auront le droit de demander une dispense de cessation, par le biais de proc\u00e9dures conformes au droit international.<\/p>\n<p>Selon les donn\u00e9es dont dispose le HCR, il y a actuellement environ 91.000 r\u00e9fugi\u00e9s et demandeurs d&rsquo;asile ivoiriens dans le monde. Quelque 51.000 d&rsquo;entre eux vivent en Afrique de l&rsquo;Ouest dont 33.000 rien qu&rsquo;au Lib\u00e9ria et 22.000 autres en Europe.<\/p>\n<p>Le HCR a salu\u00e9 les engagements pris par les \u00c9tats dans le cadre de la strat\u00e9gie de solutions globales pour les r\u00e9fugi\u00e9s ivoiriens, lors de la r\u00e9union annuelle du Comit\u00e9 ex\u00e9cutif du HCR \u00e0 Gen\u00e8ve cette semaine.<\/p>\n<p>\u00ab Je salue l&rsquo;exemple donn\u00e9 par le gouvernement de la C\u00f4te d&rsquo;Ivoire ainsi que ceux du Ghana, de la Guin\u00e9e, du Lib\u00e9ria, du Mali, de la Mauritanie et du Togo, qui ont affich\u00e9 la volont\u00e9 politique de mettre en \u0153uvre une feuille de route compl\u00e8te pour trouver des solutions en faveur des r\u00e9fugi\u00e9s ivoiriens, dont certains sont d\u00e9plac\u00e9s depuis des d\u00e9cennies\u00a0\u00bb, a d\u00e9clar\u00e9 Filippo Grandi. \u00ab Cet effort r\u00e9gional m\u00e9rite les applaudissements de l&rsquo;ensemble de la communaut\u00e9 internationale. \u00bb<\/p>\n<p>Depuis 2011, quelque 290.000 r\u00e9fugi\u00e9s ivoiriens install\u00e9s dans d&rsquo;autres pays d&rsquo;Afrique de l&rsquo;Ouest sont rentr\u00e9s volontairement en C\u00f4te d&rsquo;Ivoire. Une enqu\u00eate men\u00e9e dans la r\u00e9gion indique que 60% des r\u00e9fugi\u00e9s restants souhaitent \u00eatre rapatri\u00e9s, 30% sont encore ind\u00e9cis et 10% veulent rester dans leur pays d&rsquo;accueil et demander la r\u00e9sidence.<\/p>\n<p>Le HCR organise des convois hebdomadaires depuis le Lib\u00e9ria pour permettre aux Ivoiriens qui le souhaitent de rentrer chez eux. Depuis la fin du mois d&rsquo;ao\u00fbt, quelque 5000 r\u00e9fugi\u00e9s ont \u00e9t\u00e9 r\u00e9unis avec des membres de leur famille, qu&rsquo;ils n&rsquo;ont parfois pas vus depuis des d\u00e9cennies. Le HCR fournit \u00e9galement un soutien financier aux r\u00e9fugi\u00e9s rapatri\u00e9s afin de faciliter leur r\u00e9int\u00e9gration.<\/p>\n<p>Les Ivoiriens ont fui deux guerres civiles entre 2002 et 2007, et entre 2011 et 2012. Des milliers d&rsquo;Ivoiriens ont \u00e9galement fui vers les pays voisins en 2020, craignant les violences li\u00e9es au scrutin pr\u00e9sidentiel et aux l\u00e9gislatives.<\/p>\n<p>Le HCR reste d\u00e9termin\u00e9 \u00e0 aider la C\u00f4te d&rsquo;Ivoire et les pays h\u00f4tes \u00e0 mettre en \u0153uvre la recommandation de cessation et continue \u00e0 plaider pour que les \u00c9tats fournissent aux r\u00e9fugi\u00e9s des documents d&rsquo;\u00e9tat civil, d&rsquo;identit\u00e9 et de voyage. En C\u00f4te d&rsquo;Ivoire, cela inclut la d\u00e9livrance d&rsquo;actes de naissance, qui permettent l&rsquo;inscription \u00e0 l&rsquo;\u00e9cole, l&rsquo;obtention des cartes d&rsquo;identit\u00e9 nationales et qui donnent le droit de voter.<\/p>\n<p>Cet article <a rel=\"nofollow\" href=\"https:\/\/www.journalducameroun.com\/le-hcr-pour-la-levee-du-statut-de-refugie-pour-les-ivoiriens\/\">Le HCR pour la lev\u00e9e du statut de r\u00e9fugi\u00e9 pour les Ivoiriens<\/a> est apparu en premier sur <a rel=\"nofollow\" href=\"https:\/\/www.journalducameroun.com\/\">Journal du Cameroun<\/a>.<\/p>\n<\/div>\n<p>Auteur: APA News<br \/>\n<a href=\"https:\/\/www.journalducameroun.com\/le-hcr-pour-la-levee-du-statut-de-refugie-pour-les-ivoiriens\/\">Cliquez ici pour lire l&rsquo;article depuis sa source.<\/a><\/p>\n","protected":false},"excerpt":{"rendered":"<p>La recommandation d&rsquo;appliquer les clauses de cessation issues de la Convention de 1951 sur les r\u00e9fugi\u00e9s se fonde sur une analyse approfondie de la situation en C\u00f4te d&rsquo;Ivoire.Le Haut-Commissariat des Nations unies pour les r\u00e9fugi\u00e9s (HCR) a demand\u00e9 aux \u00c9tats qui accueillent des r\u00e9fugi\u00e9s ivoiriens de lever leur statut de r\u00e9fugi\u00e9 et de faciliter leur [&hellip;]<\/p>\n","protected":false},"author":1965,"featured_media":0,"comment_status":"closed","ping_status":"closed","sticky":false,"template":"","format":"standard","meta":{"fifu_image_url":"https:\/\/www.journalducameroun.com\/wp-content\/uploads\/2021\/10\/16340554839498.jpg","fifu_image_alt":"Le HCR pour la lev\u00e9e du statut de r\u00e9fugi\u00e9 pour les Ivoiriens","footnotes":""},"categories":[73,82],"tags":[],"class_list":["post-129820","post","type-post","status-publish","format-standard","hentry","category-actualite","category-cameroun"],"_links":{"self":[{"href":"https:\/\/linitiative.ca\/International\/wp-json\/wp\/v2\/posts\/129820","targetHints":{"allow":["GET"]}}],"collection":[{"href":"https:\/\/linitiative.ca\/International\/wp-json\/wp\/v2\/posts"}],"about":[{"href":"https:\/\/linitiative.ca\/International\/wp-json\/wp\/v2\/types\/post"}],"author":[{"embeddable":true,"href":"https:\/\/linitiative.ca\/International\/wp-json\/wp\/v2\/users\/1965"}],"replies":[{"embeddable":true,"href":"https:\/\/linitiative.ca\/International\/wp-json\/wp\/v2\/comments?post=129820"}],"version-history":[{"count":0,"href":"https:\/\/linitiative.ca\/International\/wp-json\/wp\/v2\/posts\/129820\/revisions"}],"wp:attachment":[{"href":"https:\/\/linitiative.ca\/International\/wp-json\/wp\/v2\/media?parent=129820"}],"wp:term":[{"taxonomy":"category","embeddable":true,"href":"https:\/\/linitiative.ca\/International\/wp-json\/wp\/v2\/categories?post=129820"},{"taxonomy":"post_tag","embeddable":true,"href":"https:\/\/linitiative.ca\/International\/wp-json\/wp\/v2\/tags?post=129820"}],"curies":[{"name":"wp","href":"https:\/\/api.w.org\/{rel}","templated":true}]}}