{"id":129822,"date":"2021-10-12T13:18:02","date_gmt":"2021-10-12T17:18:02","guid":{"rendered":"https:\/\/linitiative.ca\/International\/tchad-amnesty-denonce-la-repression-des-manifestations\/"},"modified":"2021-10-12T13:18:02","modified_gmt":"2021-10-12T17:18:02","slug":"tchad-amnesty-denonce-la-repression-des-manifestations","status":"publish","type":"post","link":"https:\/\/linitiative.ca\/International\/tchad-amnesty-denonce-la-repression-des-manifestations\/","title":{"rendered":"Tchad : Amnesty d\u00e9nonce la r\u00e9pression des manifestations"},"content":{"rendered":"<div>\n<p><img loading=\"lazy\" decoding=\"async\" width=\"700\" height=\"272\" src=\"https:\/\/linitiative.ca\/International\/wp-content\/uploads\/sites\/23\/2021\/10\/16340590821220.jpg\" class=\"attachment-post-thumbnail size-post-thumbnail wp-post-image\" alt=\"\" srcset=\"https:\/\/linitiative.ca\/International\/wp-content\/uploads\/sites\/23\/2021\/10\/16340590821220.jpg 700w, https:\/\/www.journalducameroun.com\/wp-content\/uploads\/2021\/10\/16340590821220-300x117.jpg 300w, https:\/\/www.journalducameroun.com\/wp-content\/uploads\/2021\/10\/16340590821220-600x233.jpg 600w\" sizes=\"auto, (max-width: 700px) 100vw, 700px\"><\/p>\n<p>L&rsquo;organisation de d\u00e9fense des droits humains invite les autorit\u00e9s tchadiennes \u00e0 mettre fin \u00e0 cette campagne d&rsquo;intimidation contre les personnes qui expriment des critiques, \u00e0 respecter et prot\u00e9ger les droits \u00e0 la libert\u00e9 d&rsquo;expression, d&rsquo;association et de r\u00e9union pacifique.Au Tchad, la disparition du dictateur Idriss D\u00e9by Itno n&rsquo;a pas mis fin \u00e0 la r\u00e9pression des voix dissonantes. Selon Amnesty International, la r\u00e9pression de la manifestation de ce week-end est la derni\u00e8re en date d&rsquo;une s\u00e9rie de mesures restreignant de mani\u00e8re flagrante les droits \u00e0 la libert\u00e9 d&rsquo;expression et d&rsquo;association pacifique au Tchad depuis des ann\u00e9es.<\/p>\n<p>\u00ab Les tentatives d&rsquo;interdiction des autorit\u00e9s n&rsquo;ayant pas dissuad\u00e9 les gens de manifester, les forces de s\u00e9curit\u00e9 ont investi les rues principales de la capitale, N&rsquo;Djamena, ont proc\u00e9d\u00e9 \u00e0 des tirs de gaz lacrymog\u00e8ne, blessant plusieurs personnes, et ont arr\u00eat\u00e9 des dizaines de manifestants, qui ont \u00e9t\u00e9 lib\u00e9r\u00e9s le jour m\u00eame \u00bb, d\u00e9clare le chercheur sur l&rsquo;Afrique centrale \u00e0 Amnesty, Abdoulaye Diarra.<\/p>\n<p>A l&rsquo;en croire, le matin de la manifestation, les \u00e9changes par SMS et via les r\u00e9seaux sur Internet auraient fonctionn\u00e9 au ralenti pendant plusieurs heures dans certains quartiers de N&rsquo;Djamena. Cela confirme, d&rsquo;apr\u00e8s lui, le lien qu&rsquo;Amnesty International a constat\u00e9 ces cinq derni\u00e8res ann\u00e9es entre les perturbations de l&rsquo;acc\u00e8s \u00e0 Internet et les p\u00e9riodes de contestation politique dans le pays.<\/p>\n<p>\u00ab Depuis le d\u00e9but de la transition politique, plusieurs manifestations ont \u00e9t\u00e9 interdites et r\u00e9prim\u00e9es par les autorit\u00e9s. Entre le 27 avril et le 19 mai 2021, au moins 16 personnes ont \u00e9t\u00e9 tu\u00e9es au cours de manifestations \u00e0 N&rsquo;Djamena et dans la ville de Moundou, dans le sud du pays. Le r\u00e9sultat des enqu\u00eates n&rsquo;a toujours pas \u00e9t\u00e9 communiqu\u00e9 \u00bb, soutient-il.<\/p>\n<p>Partant de ce constat, il affirme que les autorit\u00e9s tchadiennes doivent mettre fin \u00e0 cette campagne d&rsquo;intimidation contre les personnes qui expriment des critiques, respecter et prot\u00e9ger les droits \u00e0 la libert\u00e9 d&rsquo;expression, d&rsquo;association et de r\u00e9union pacifique.<\/p>\n<p>S&rsquo;agissant des restrictions apport\u00e9es au fonctionnement d&rsquo;Internet \u00e0 l&rsquo;occasion de la manifestation, il estime que celles-ci \u00ab doivent donner lieu \u00e0 une enqu\u00eate, et la population tchadienne doit pouvoir acc\u00e9der au r\u00e9seau et \u00e9changer des informations en ligne en toute libert\u00e9. \u00bb<\/p>\n<p>Cet article <a rel=\"nofollow\" href=\"https:\/\/www.journalducameroun.com\/tchad-amnesty-denonce-la-repression-des-manifestations\/\">Tchad : Amnesty d\u00e9nonce la r\u00e9pression des manifestations<\/a> est apparu en premier sur <a rel=\"nofollow\" href=\"https:\/\/www.journalducameroun.com\/\">Journal du Cameroun<\/a>.<\/p>\n<\/div>\n<p>Auteur: APA News<br \/>\n<a href=\"https:\/\/www.journalducameroun.com\/tchad-amnesty-denonce-la-repression-des-manifestations\/\">Cliquez ici pour lire l&rsquo;article depuis sa source.<\/a><\/p>\n","protected":false},"excerpt":{"rendered":"<p>L&rsquo;organisation de d\u00e9fense des droits humains invite les autorit\u00e9s tchadiennes \u00e0 mettre fin \u00e0 cette campagne d&rsquo;intimidation contre les personnes qui expriment des critiques, \u00e0 respecter et prot\u00e9ger les droits \u00e0 la libert\u00e9 d&rsquo;expression, d&rsquo;association et de r\u00e9union pacifique.Au Tchad, la disparition du dictateur Idriss D\u00e9by Itno n&rsquo;a pas mis fin \u00e0 la r\u00e9pression des [&hellip;]<\/p>\n","protected":false},"author":1965,"featured_media":0,"comment_status":"closed","ping_status":"closed","sticky":false,"template":"","format":"standard","meta":{"fifu_image_url":"https:\/\/www.journalducameroun.com\/wp-content\/uploads\/2021\/10\/16340590821220.jpg","fifu_image_alt":"Tchad : Amnesty d\u00e9nonce la r\u00e9pression des manifestations","footnotes":""},"categories":[73,82],"tags":[],"class_list":["post-129822","post","type-post","status-publish","format-standard","hentry","category-actualite","category-cameroun"],"_links":{"self":[{"href":"https:\/\/linitiative.ca\/International\/wp-json\/wp\/v2\/posts\/129822","targetHints":{"allow":["GET"]}}],"collection":[{"href":"https:\/\/linitiative.ca\/International\/wp-json\/wp\/v2\/posts"}],"about":[{"href":"https:\/\/linitiative.ca\/International\/wp-json\/wp\/v2\/types\/post"}],"author":[{"embeddable":true,"href":"https:\/\/linitiative.ca\/International\/wp-json\/wp\/v2\/users\/1965"}],"replies":[{"embeddable":true,"href":"https:\/\/linitiative.ca\/International\/wp-json\/wp\/v2\/comments?post=129822"}],"version-history":[{"count":0,"href":"https:\/\/linitiative.ca\/International\/wp-json\/wp\/v2\/posts\/129822\/revisions"}],"wp:attachment":[{"href":"https:\/\/linitiative.ca\/International\/wp-json\/wp\/v2\/media?parent=129822"}],"wp:term":[{"taxonomy":"category","embeddable":true,"href":"https:\/\/linitiative.ca\/International\/wp-json\/wp\/v2\/categories?post=129822"},{"taxonomy":"post_tag","embeddable":true,"href":"https:\/\/linitiative.ca\/International\/wp-json\/wp\/v2\/tags?post=129822"}],"curies":[{"name":"wp","href":"https:\/\/api.w.org\/{rel}","templated":true}]}}